{"id":5674,"date":"2014-11-27T23:36:39","date_gmt":"2014-11-27T19:36:39","guid":{"rendered":"https:\/\/www.presencemagazine.com\/?p=5674"},"modified":"2022-10-03T03:49:51","modified_gmt":"2022-10-02T23:49:51","slug":"presence-04-editorial","status":"publish","type":"post","link":"https:\/\/www.presencemagazine.com\/fr\/presence-04-editorial\/","title":{"rendered":"Presence 04 &#8211; \u00e9ditorial"},"content":{"rendered":"\t\t<div data-elementor-type=\"wp-post\" data-elementor-id=\"5674\" class=\"elementor elementor-5674 elementor-3733\" data-elementor-post-type=\"post\">\n\t\t\t\t\t\t<section class=\"elementor-section elementor-top-section elementor-element elementor-element-58f1f6cc elementor-section-boxed elementor-section-height-default elementor-section-height-default\" data-id=\"58f1f6cc\" data-element_type=\"section\">\n\t\t\t\t\t\t<div class=\"elementor-container elementor-column-gap-default\">\n\t\t\t\t\t<div class=\"elementor-column elementor-col-100 elementor-top-column elementor-element elementor-element-4709429d\" data-id=\"4709429d\" data-element_type=\"column\">\n\t\t\t<div class=\"elementor-widget-wrap elementor-element-populated\">\n\t\t\t\t\t\t<div class=\"elementor-element elementor-element-227f123 elementor-widget elementor-widget-heading\" data-id=\"227f123\" data-element_type=\"widget\" data-widget_type=\"heading.default\">\n\t\t\t\t<div class=\"elementor-widget-container\">\n\t\t\t\t\t<h2 class=\"elementor-heading-title elementor-size-default\">Si la tendance concernant la concentration atmosph\u00e9rique de gaz \u00e0 effet de serre se poursuit, la temp\u00e9rature moyenne mondiale pourrait d\u00e9passer\nles niveaux pr\u00e9industriels de 3\u00b0C \u00e0 6\u00b0C d\u2019ici \u00e0 2050, exc\u00e9dant l\u2019objectif convenu \u00e0 l\u2019\u00e9chelle internationale d\u2019une limitation du r\u00e9chauffement global \u00e0 2\u00b0C. D\u00e9passer ce seuil entra\u00eenerait une alt\u00e9ration des r\u00e9gimes pluviom\u00e9triques, une fonte accrue des glaciers et du permafrost, une mont\u00e9e du niveau\nde la mer, ainsi qu\u2019une augmentation\nde l\u2019intensit\u00e9 et de la fr\u00e9quence d\u2019\u00e9v\u00e9nements m\u00e9t\u00e9orologiques extr\u00eames. La capacit\u00e9 des populations\net des \u00e9cosyst\u00e8mes \u00e0 s\u2019adapter pourrait alors \u00eatre mise en danger.<\/h2>\t\t\t\t<\/div>\n\t\t\t\t<\/div>\n\t\t\t\t<div class=\"elementor-element elementor-element-453b41da elementor-widget elementor-widget-text-editor\" data-id=\"453b41da\" data-element_type=\"widget\" data-widget_type=\"text-editor.default\">\n\t\t\t\t<div class=\"elementor-widget-container\">\n\t\t\t\t\t\t\t\t\t<p>C\u2019est un tableau bien sombre que dressent les Perspectives de l\u2019environnement de l\u2019Organisation de Coop\u00e9ration et de D\u00e9veloppement \u00e9conomiques (OCDE) \u00e0 l\u2019horizon 2050. Cette \u00e9tude publi\u00e9e en 2012 \u00e9value les impacts sur l\u2019environnement si l\u2019humanit\u00e9 ne prend pas de mesures plus ambitieuses pour mieux g\u00e9rer nos ressources naturelles. Un tableau toutefois tr\u00e8s r\u00e9aliste, qui ne laisse aucune place \u00e0 l\u2019inaction, car la d\u00e9gradation et l\u2019\u00e9rosion de notre capital environnemental naturel risquent d\u2019entra\u00eener \u00ab des changements irr\u00e9versibles qui pourraient mettre en p\u00e9ril les acquis de deux si\u00e8cles d\u2019am\u00e9lioration des niveaux de vie \u00bb.<\/p><p>La menace est d\u2019autant plus grande pour un petit \u00c9tat insulaire comme l\u2019\u00eele Maurice. \u00c0 l\u2019\u00e9norme d\u00e9fi du r\u00e9chauffement climatique s\u2019ajoute la forte pression exerc\u00e9e par les activit\u00e9s tant marines que terrestres sur les ressources c\u00f4ti\u00e8res et marines. Certains facteurs de d\u00e9gradation de cette biodiversit\u00e9 sont naturels, mais d\u2019autres, d\u2019origine anthropique, r\u00e9sultent de l\u2019activit\u00e9 humaine. Il semble plus que n\u00e9cessaire de freiner ce d\u00e9clin \u00e0 travers une gestion plus efficace, mais surtout une prise de conscience collective, afin de permettre un changement de mentalit\u00e9s et de comportements de tout un chacun.<\/p><p>Rogers est un acteur majeur du d\u00e9veloppement \u00e9conomique et social dans le pays depuis plus d\u2019un si\u00e8cle. Nous sommes fermement convaincus que la poursuite de ce d\u00e9veloppement est inextricablement tributaire de la viabilit\u00e9 environnementale. Notre pays dispose de ressources naturelles d\u2019une valeur \u00e9cologique immense, mais aussi d\u2019une valeur socio- \u00e9conomique \u00e9lev\u00e9e qu\u2019il nous faut pr\u00e9server \u00e0 tout prix. Le concept de d\u00e9veloppement durable et celui de la protection de l\u2019environnement commencent d\u2019ailleurs \u00e0 faire leur chemin dans les entreprises mauriciennes.<\/p><p>Notre groupe lui-m\u00eame poss\u00e8de un riche patrimoine naturel et la p\u00e9rennit\u00e9 de nos activit\u00e9s \u00e9conomiques en d\u00e9pend grandement. Apr\u00e8s un engagement fructueux dans la lutte contre le VIH\/Sida de 2007 \u00e0 2013, nous avons d\u00e9cid\u00e9 de recentrer nous efforts sur l\u2019environnement c\u00f4tier et marin de l\u2019\u00eele en y consacrant une enveloppe de Rs 50 millions (environ \u20ac 1,2 million) et en appliquant une m\u00e9thodologie qui a d\u00e9j\u00e0 fait ses preuves. Chacun de nos secteurs d\u2019activit\u00e9 a choisi un domaine d\u2019intervention et des actions concr\u00e8tes sur une p\u00e9riode de cinq ans pour apporter un changement tangible.<\/p><p>Ces initiatives relevant de la responsabilit\u00e9 environnementale, sociale, mais aussi \u00e9conomique de l\u2019entreprise cadrent enti\u00e8rement avec le projet Maurice \u00cele Durable 5E (\u00c9nergie, Environnement, Emploi, \u00c9ducation, \u00c9quit\u00e9). Elles peuvent aussi contribuer \u00e0 un changement de mentalit\u00e9 et par effet d\u2019\u00e9mulation, mobiliser davantage d\u2019\u00e9nergies et de ressources pour ce vaste chantier qu\u2019est l\u2019environnement.<\/p><p>Nous apportons \u00e9galement notre contribution \u00e0 l\u2019effort de sensibilisation \u00e0 travers le dossier principal de la pr\u00e9sente \u00e9dition de PRESENCE, qui traite le sujet de mani\u00e8re \u00e9tay\u00e9e, en sollicitant le point de vue d\u2019une vingtaine d\u2019interlocuteurs-cl\u00e9s tant au niveau national qu\u2019international. Il en ressort que s\u2019il existe d\u00e9j\u00e0 une prise de conscience chez les parties prenantes \u2013 tant les autorit\u00e9s publiques que les acteurs priv\u00e9s et organisations non gouvernementales \u2013 ce n\u2019est cependant que de petits pas dans la bonne direction.<\/p><p>L\u2019heure n\u2019est plus simplement aux constats, aussi \u00e9loquents soient-ils, et l\u2019urgence est plus que jamais \u00e9vidente. Au-del\u00e0 de la plan\u00e8te, la conscience environnementale est plus que jamais essentielle pour les petits \u00c9tats insulaires comme Maurice. L\u2019enjeu est vital et nous devons acc\u00e9l\u00e9rer le processus de sensibilisation tout en engageant rapidement un nombre significatif de nouvelles actions, pour avoir un impact r\u00e9el le plus rapidement possible.<\/p><p><br \/><br \/><\/p><p>Philippe Espitalier-No\u00ebl <br \/>Chief Executive Officer <br \/>Rogers &amp; Co. Ltd<\/p>\t\t\t\t\t\t\t\t<\/div>\n\t\t\t\t<\/div>\n\t\t\t\t\t<\/div>\n\t\t<\/div>\n\t\t\t\t\t<\/div>\n\t\t<\/section>\n\t\t\t\t<\/div>\n\t\t","protected":false},"excerpt":{"rendered":"<p>Si la tendance concernant la concentration atmosph\u00e9rique de gaz \u00e0 effet de serre se poursuit, la temp\u00e9rature moyenne mondiale pourrait d\u00e9passer les niveaux pr\u00e9industriels de 3\u00b0C \u00e0 6\u00b0C d\u2019ici \u00e0 2050, exc\u00e9dant l\u2019objectif convenu \u00e0 l\u2019\u00e9chelle internationale d\u2019une limitation du r\u00e9chauffement global \u00e0 2\u00b0C. D\u00e9passer ce seuil entra\u00eenerait une alt\u00e9ration des r\u00e9gimes pluviom\u00e9triques, une fonte&#8230;<\/p>\n","protected":false},"author":3,"featured_media":3429,"comment_status":"open","ping_status":"closed","sticky":false,"template":"","format":"standard","meta":{"footnotes":""},"categories":[121,214],"tags":[257],"class_list":["post-5674","post","type-post","status-publish","format-standard","has-post-thumbnail","hentry","category-edition-04","category-tous-les-articles","tag-edition-04","wpbf-post"],"_links":{"self":[{"href":"https:\/\/www.presencemagazine.com\/fr\/wp-json\/wp\/v2\/posts\/5674","targetHints":{"allow":["GET"]}}],"collection":[{"href":"https:\/\/www.presencemagazine.com\/fr\/wp-json\/wp\/v2\/posts"}],"about":[{"href":"https:\/\/www.presencemagazine.com\/fr\/wp-json\/wp\/v2\/types\/post"}],"author":[{"embeddable":true,"href":"https:\/\/www.presencemagazine.com\/fr\/wp-json\/wp\/v2\/users\/3"}],"replies":[{"embeddable":true,"href":"https:\/\/www.presencemagazine.com\/fr\/wp-json\/wp\/v2\/comments?post=5674"}],"version-history":[{"count":4,"href":"https:\/\/www.presencemagazine.com\/fr\/wp-json\/wp\/v2\/posts\/5674\/revisions"}],"predecessor-version":[{"id":12603,"href":"https:\/\/www.presencemagazine.com\/fr\/wp-json\/wp\/v2\/posts\/5674\/revisions\/12603"}],"wp:featuredmedia":[{"embeddable":true,"href":"https:\/\/www.presencemagazine.com\/fr\/wp-json\/wp\/v2\/media\/3429"}],"wp:attachment":[{"href":"https:\/\/www.presencemagazine.com\/fr\/wp-json\/wp\/v2\/media?parent=5674"}],"wp:term":[{"taxonomy":"category","embeddable":true,"href":"https:\/\/www.presencemagazine.com\/fr\/wp-json\/wp\/v2\/categories?post=5674"},{"taxonomy":"post_tag","embeddable":true,"href":"https:\/\/www.presencemagazine.com\/fr\/wp-json\/wp\/v2\/tags?post=5674"}],"curies":[{"name":"wp","href":"https:\/\/api.w.org\/{rel}","templated":true}]}}