{"id":14555,"date":"2023-01-11T00:00:32","date_gmt":"2023-01-10T20:00:32","guid":{"rendered":"https:\/\/www.presencemagazine.com\/?p=14555"},"modified":"2023-01-24T09:45:40","modified_gmt":"2023-01-24T05:45:40","slug":"des-paroles-aux-actes","status":"publish","type":"post","link":"https:\/\/www.presencemagazine.com\/fr\/des-paroles-aux-actes\/","title":{"rendered":"Des paroles aux actes"},"content":{"rendered":"\t\t<div data-elementor-type=\"wp-post\" data-elementor-id=\"14555\" class=\"elementor elementor-14555 elementor-14331\" data-elementor-post-type=\"post\">\n\t\t\t\t\t\t<section class=\"elementor-section elementor-top-section elementor-element elementor-element-064a184 elementor-section-boxed elementor-section-height-default elementor-section-height-default\" data-id=\"064a184\" data-element_type=\"section\">\n\t\t\t\t\t\t<div class=\"elementor-container elementor-column-gap-default\">\n\t\t\t\t\t<div class=\"elementor-column elementor-col-100 elementor-top-column elementor-element elementor-element-4109a1e\" data-id=\"4109a1e\" data-element_type=\"column\">\n\t\t\t<div class=\"elementor-widget-wrap elementor-element-populated\">\n\t\t\t\t\t\t<div class=\"elementor-element elementor-element-49780a9 elementor-widget elementor-widget-heading\" data-id=\"49780a9\" data-element_type=\"widget\" data-widget_type=\"heading.default\">\n\t\t\t\t<div class=\"elementor-widget-container\">\n\t\t\t\t\t<h2 class=\"elementor-heading-title elementor-size-default\">La synchronicit\u00e9 au coeur de l\u2019ADN mauricien de Rogers tire son origine du lien entre l\u2019\u00e9volution du pays et les changements qui ont fa\u00e7onn\u00e9 le Groupe. Fier de son riche h\u00e9ritage et inspir\u00e9 des d\u00e9fis que conna\u00eet Maurice, Rogers a fait face au changement avec vision, mission et r\u00e9silience pendant plus d\u2019un si\u00e8cle.<\/h2>\t\t\t\t<\/div>\n\t\t\t\t<\/div>\n\t\t\t\t<div class=\"elementor-element elementor-element-e75ff12 elementor-widget elementor-widget-heading\" data-id=\"e75ff12\" data-element_type=\"widget\" data-widget_type=\"heading.default\">\n\t\t\t\t<div class=\"elementor-widget-container\">\n\t\t\t\t\t<h2 class=\"elementor-heading-title elementor-size-default\">Alors que le Groupe regarde l\u2019avenir avec optimisme et d\u00e9termination, nous mettons un coup de projecteur sur quelques grandes \u00e9tapes historiques, illustrant ainsi la fa\u00e7on dont le changement ayant du sens s\u2019est solidement enracin\u00e9 dans la mani\u00e8re d\u2019op\u00e9rer de Rogers.<\/h2>\t\t\t\t<\/div>\n\t\t\t\t<\/div>\n\t\t\t\t\t<\/div>\n\t\t<\/div>\n\t\t\t\t\t<\/div>\n\t\t<\/section>\n\t\t\t\t<section class=\"elementor-section elementor-top-section elementor-element elementor-element-9dc571d elementor-section-boxed elementor-section-height-default elementor-section-height-default\" data-id=\"9dc571d\" data-element_type=\"section\">\n\t\t\t\t\t\t<div class=\"elementor-container elementor-column-gap-default\">\n\t\t\t\t\t<div class=\"elementor-column elementor-col-100 elementor-top-column elementor-element elementor-element-eaf05f5\" data-id=\"eaf05f5\" data-element_type=\"column\">\n\t\t\t<div class=\"elementor-widget-wrap elementor-element-populated\">\n\t\t\t\t\t\t<div class=\"elementor-element elementor-element-50ba563 elementor-widget elementor-widget-heading\" data-id=\"50ba563\" data-element_type=\"widget\" data-widget_type=\"heading.default\">\n\t\t\t\t<div class=\"elementor-widget-container\">\n\t\t\t\t\t<h3 class=\"elementor-heading-title elementor-size-default\">Rogers aviation prend son envol\u2026<\/h3>\t\t\t\t<\/div>\n\t\t\t\t<\/div>\n\t\t\t\t<div class=\"elementor-element elementor-element-238ffdc elementor-widget elementor-widget-text-editor\" data-id=\"238ffdc\" data-element_type=\"widget\" data-widget_type=\"text-editor.default\">\n\t\t\t\t<div class=\"elementor-widget-container\">\n\t\t\t\t\t\t\t\t\t<p>C\u2019est largement gr\u00e2ce aux fr\u00e8res Maingard &#8211; sir Ren\u00e9 et Am\u00e9d\u00e9e, directeurs de Rogers pendant la p\u00e9riode allant de la pr\u00e9-ind\u00e9pendance au d\u00e9but des ann\u00e9es 1980 -, tous deux anim\u00e9s d\u2019un esprit entrepreneurial, que l\u2019aviation a d\u00e9coll\u00e9 avec un tel succ\u00e8s. Leur exp\u00e9rience durant la guerre &#8211; Ren\u00e9 ayant \u00e9t\u00e9 pilote de la Royal Air Force, et Am\u00e9d\u00e9e ayant servi en tant qu\u2019agent secret du Secret Operations Executive en France &#8211; leur a permis d\u2019avoir un r\u00e9seau de contacts dans les milieux de l\u2019aviation internationale. Apr\u00e8s la Seconde Guerre mondiale, ils se sont montr\u00e9s particuli\u00e8rement utiles, puisqu\u2019ils ont tous deux occup\u00e9 des postes importants au sein de Rogers &amp; Co Ltd.\u00a0<\/p><p>La reprise mondiale durant la p\u00e9riode d\u2019apr\u00e8s-guerre est marqu\u00e9e par l\u2019essor international de l\u2019industrie : les voyageurs red\u00e9couvraient le ciel et les avions, peu apr\u00e8s, commenc\u00e8rent \u00e0 se ravitailler \u00e0 Maurice. Comprenant rapidement la n\u00e9cessit\u00e9 de connecter l\u2019\u00eele au reste du monde, les fr\u00e8res Maingard sign\u00e8rent d\u2019importants contrats avec des compagnies d\u2019aviation afin que Rogers les repr\u00e9sente \u00e0 l\u2019a\u00e9roport, inaugurant ainsi le d\u00e9but des vols long-courriers entre le Nord et le Sud.\u00a0<\/p><p>\u00a0<\/p>\t\t\t\t\t\t\t\t<\/div>\n\t\t\t\t<\/div>\n\t\t\t\t<div class=\"elementor-element elementor-element-5b6ad1a elementor-widget elementor-widget-image\" data-id=\"5b6ad1a\" data-element_type=\"widget\" data-widget_type=\"image.default\">\n\t\t\t\t<div class=\"elementor-widget-container\">\n\t\t\t\t\t\t\t\t\t\t\t\t\t\t\t<img fetchpriority=\"high\" decoding=\"async\" width=\"1680\" height=\"1120\" src=\"https:\/\/www.presencemagazine.com\/wp-content\/uploads\/2023\/01\/9.jpg\" class=\"attachment-full size-full wp-image-14086\" alt=\"\" srcset=\"https:\/\/www.presencemagazine.com\/wp-content\/uploads\/2023\/01\/9.jpg 1680w, https:\/\/www.presencemagazine.com\/wp-content\/uploads\/2023\/01\/9-300x200.jpg 300w, https:\/\/www.presencemagazine.com\/wp-content\/uploads\/2023\/01\/9-1024x683.jpg 1024w, https:\/\/www.presencemagazine.com\/wp-content\/uploads\/2023\/01\/9-768x512.jpg 768w, https:\/\/www.presencemagazine.com\/wp-content\/uploads\/2023\/01\/9-1536x1024.jpg 1536w, https:\/\/www.presencemagazine.com\/wp-content\/uploads\/2023\/01\/9-750x500.jpg 750w, https:\/\/www.presencemagazine.com\/wp-content\/uploads\/2023\/01\/9-1140x760.jpg 1140w\" sizes=\"(max-width: 1680px) 100vw, 1680px\" \/>\t\t\t\t\t\t\t\t\t\t\t\t\t\t\t<\/div>\n\t\t\t\t<\/div>\n\t\t\t\t<div class=\"elementor-element elementor-element-e08c746 elementor-widget elementor-widget-text-editor\" data-id=\"e08c746\" data-element_type=\"widget\" data-widget_type=\"text-editor.default\">\n\t\t\t\t<div class=\"elementor-widget-container\">\n\t\t\t\t\t\t\t\t\t<p>Les jalons \u00e9taient pos\u00e9s pour la cr\u00e9ation de Rogers Aviation. La prochaine \u00e9tape \u00e9tait l\u2019am\u00e9lioration des services de manutention \u00e0 l\u2019a\u00e9roport. Le positionnement strat\u00e9gique de la toute nouvelle compagnie \u00e9tait ainsi assur\u00e9. En 1967, le secteur prit litt\u00e9ralement son envol avec le lancement d\u2019Air Mauritius, la compagnie nationale d\u2019aviation, fruit d\u2019une collaboration entre le gouvernement mauricien et Air France.<\/p>\t\t\t\t\t\t\t\t<\/div>\n\t\t\t\t<\/div>\n\t\t\t\t\t<\/div>\n\t\t<\/div>\n\t\t\t\t\t<\/div>\n\t\t<\/section>\n\t\t\t\t<section class=\"elementor-section elementor-top-section elementor-element elementor-element-8601fa4 elementor-section-boxed elementor-section-height-default elementor-section-height-default\" data-id=\"8601fa4\" data-element_type=\"section\" data-settings=\"{&quot;background_background&quot;:&quot;classic&quot;}\">\n\t\t\t\t\t\t<div class=\"elementor-container elementor-column-gap-extended\">\n\t\t\t\t\t<div class=\"elementor-column elementor-col-100 elementor-top-column elementor-element elementor-element-906d54e\" data-id=\"906d54e\" data-element_type=\"column\">\n\t\t\t<div class=\"elementor-widget-wrap elementor-element-populated\">\n\t\t\t\t\t\t<div class=\"elementor-element elementor-element-718ef55 elementor-widget elementor-widget-heading\" data-id=\"718ef55\" data-element_type=\"widget\" data-widget_type=\"heading.default\">\n\t\t\t\t<div class=\"elementor-widget-container\">\n\t\t\t\t\t<h6 class=\"elementor-heading-title elementor-size-default\">Aujourd\u2019hui, Rogers Aviation est un prestataire majeur offrant une gamme compl\u00e8te de services de voyage et de transport a\u00e9rien. L\u2019entreprise repr\u00e9sente 13 compagnies d\u2019aviation dans sept territoires de l\u2019oc\u00e9an Indien et de l\u2019Afrique australe.<\/h6>\t\t\t\t<\/div>\n\t\t\t\t<\/div>\n\t\t\t\t\t<\/div>\n\t\t<\/div>\n\t\t\t\t\t<\/div>\n\t\t<\/section>\n\t\t\t\t<section class=\"elementor-section elementor-top-section elementor-element elementor-element-46095af elementor-section-boxed elementor-section-height-default elementor-section-height-default\" data-id=\"46095af\" data-element_type=\"section\">\n\t\t\t\t\t\t<div class=\"elementor-container elementor-column-gap-default\">\n\t\t\t\t\t<div class=\"elementor-column elementor-col-100 elementor-top-column elementor-element elementor-element-afb60bf\" data-id=\"afb60bf\" data-element_type=\"column\">\n\t\t\t<div class=\"elementor-widget-wrap elementor-element-populated\">\n\t\t\t\t\t\t<div class=\"elementor-element elementor-element-74bcb13 elementor-widget elementor-widget-heading\" data-id=\"74bcb13\" data-element_type=\"widget\" data-widget_type=\"heading.default\">\n\t\t\t\t<div class=\"elementor-widget-container\">\n\t\t\t\t\t<h3 class=\"elementor-heading-title elementor-size-default\">Et Rogers Hospitality se pr\u00e9pare<\/h3>\t\t\t\t<\/div>\n\t\t\t\t<\/div>\n\t\t\t\t<div class=\"elementor-element elementor-element-6573197 elementor-widget elementor-widget-text-editor\" data-id=\"6573197\" data-element_type=\"widget\" data-widget_type=\"text-editor.default\">\n\t\t\t\t<div class=\"elementor-widget-container\">\n\t\t\t\t\t\t\t\t\t<p>Le lien \u00e9troit entre le secteur de l\u2019aviation naissant et le potentiel touristique de Maurice inspira Am\u00e9d\u00e9e. Les pr\u00e9paratifs pour le vol de Qantas, reliant Perth \u00e0 Johannesburg via Maurice, allaient bon train lorsque le besoin d\u2019infrastructures pour accueillir les \u00e9quipages lors de leur escale se fit sentir. D\u2019o\u00f9 l\u2019ouverture, sous sa supervision, du Park Hotel \u00e0 Curepipe en 1952.\u00a0<\/p><p>Les bases de l\u2019industrie touristique \u00e0 Maurice \u00e9taient ainsi jet\u00e9es et Rogers y a contribu\u00e9 en investissant dans les infrastructures. Et le reste appartient \u00e0 l\u2019histoire de l\u2019h\u00f4tellerie. Fond\u00e9 en 1953, Mauritius Hotels donna naissance plus tard \u00e0 New Mauritius Hotels (NMH), dont Rogers demeure un actionnaire de r\u00e9f\u00e9rence. NMH g\u00e8re aujourd\u2019hui Beachcomber Resorts &amp; Hotels, l\u2019une des marques h\u00f4teli\u00e8res les plus prestigieuses du pays.\u00a0<\/p>\t\t\t\t\t\t\t\t<\/div>\n\t\t\t\t<\/div>\n\t\t\t\t<div class=\"elementor-element elementor-element-a206b76 elementor-widget elementor-widget-image\" data-id=\"a206b76\" data-element_type=\"widget\" data-widget_type=\"image.default\">\n\t\t\t\t<div class=\"elementor-widget-container\">\n\t\t\t\t\t\t\t\t\t\t\t\t\t\t\t<img decoding=\"async\" width=\"1680\" height=\"1121\" src=\"https:\/\/www.presencemagazine.com\/wp-content\/uploads\/2023\/01\/DSC_0352.jpg\" class=\"attachment-full size-full wp-image-14054\" alt=\"\" srcset=\"https:\/\/www.presencemagazine.com\/wp-content\/uploads\/2023\/01\/DSC_0352.jpg 1680w, https:\/\/www.presencemagazine.com\/wp-content\/uploads\/2023\/01\/DSC_0352-300x200.jpg 300w, https:\/\/www.presencemagazine.com\/wp-content\/uploads\/2023\/01\/DSC_0352-1024x683.jpg 1024w, https:\/\/www.presencemagazine.com\/wp-content\/uploads\/2023\/01\/DSC_0352-768x512.jpg 768w, https:\/\/www.presencemagazine.com\/wp-content\/uploads\/2023\/01\/DSC_0352-1536x1025.jpg 1536w, https:\/\/www.presencemagazine.com\/wp-content\/uploads\/2023\/01\/DSC_0352-750x500.jpg 750w, https:\/\/www.presencemagazine.com\/wp-content\/uploads\/2023\/01\/DSC_0352-1140x761.jpg 1140w\" sizes=\"(max-width: 1680px) 100vw, 1680px\" \/>\t\t\t\t\t\t\t\t\t\t\t\t\t\t\t<\/div>\n\t\t\t\t<\/div>\n\t\t\t\t<div class=\"elementor-element elementor-element-abd760d elementor-widget elementor-widget-text-editor\" data-id=\"abd760d\" data-element_type=\"widget\" data-widget_type=\"text-editor.default\">\n\t\t\t\t<div class=\"elementor-widget-container\">\n\t\t\t\t\t\t\t\t\t<p>D\u00e8s lors, l\u2019\u00eele devint vite une destination de vacances pris\u00e9e et les offres de Rogers se d\u00e9velopp\u00e8rent rapidement. Les services de restauration, de loisirs et de bien-\u00eatre aboutirent \u00e0 la cr\u00e9ation de Veranda Leisure &amp; Hospitality, un des fleurons de l\u2019industrie h\u00f4teli\u00e8re de Maurice. Le r\u00f4le avant-gardiste de Rogers dans la cr\u00e9ation de ce pilier du d\u00e9veloppement \u00e9conomique et social du pays est un exemple parlant. Il d\u00e9montre comment des h\u00e9ritages riches de sens et de valeur sont cr\u00e9\u00e9s &#8211; \u00e0 la fois pour le Groupe, et de mani\u00e8re plus d\u00e9terminante pour le pays &#8211; lorsque l\u2019on accueille le changement.&nbsp;<br><\/p>\t\t\t\t\t\t\t\t<\/div>\n\t\t\t\t<\/div>\n\t\t\t\t\t<\/div>\n\t\t<\/div>\n\t\t\t\t\t<\/div>\n\t\t<\/section>\n\t\t\t\t<section class=\"elementor-section elementor-top-section elementor-element elementor-element-6324fdc elementor-section-boxed elementor-section-height-default elementor-section-height-default\" data-id=\"6324fdc\" data-element_type=\"section\" data-settings=\"{&quot;background_background&quot;:&quot;classic&quot;}\">\n\t\t\t\t\t\t<div class=\"elementor-container elementor-column-gap-extended\">\n\t\t\t\t\t<div class=\"elementor-column elementor-col-100 elementor-top-column elementor-element elementor-element-d56ae9b\" data-id=\"d56ae9b\" data-element_type=\"column\">\n\t\t\t<div class=\"elementor-widget-wrap elementor-element-populated\">\n\t\t\t\t\t\t<div class=\"elementor-element elementor-element-2d7ef93 elementor-widget elementor-widget-heading\" data-id=\"2d7ef93\" data-element_type=\"widget\" data-widget_type=\"heading.default\">\n\t\t\t\t<div class=\"elementor-widget-container\">\n\t\t\t\t\t<h6 class=\"elementor-heading-title elementor-size-default\">Aujourd\u2019hui, Rogers Hospitality offre ce que Maurice a de meilleur, cr\u00e9ant des exp\u00e9riences inoubliables pour les milliers de visiteurs qui, chaque ann\u00e9e, honorent l\u2019\u00eele de leur pr\u00e9sence.<\/h6>\t\t\t\t<\/div>\n\t\t\t\t<\/div>\n\t\t\t\t\t<\/div>\n\t\t<\/div>\n\t\t\t\t\t<\/div>\n\t\t<\/section>\n\t\t\t\t<section class=\"elementor-section elementor-top-section elementor-element elementor-element-3532676 elementor-section-boxed elementor-section-height-default elementor-section-height-default\" data-id=\"3532676\" data-element_type=\"section\">\n\t\t\t\t\t\t<div class=\"elementor-container elementor-column-gap-default\">\n\t\t\t\t\t<div class=\"elementor-column elementor-col-100 elementor-top-column elementor-element elementor-element-1b98001\" data-id=\"1b98001\" data-element_type=\"column\">\n\t\t\t<div class=\"elementor-widget-wrap elementor-element-populated\">\n\t\t\t\t\t\t<div class=\"elementor-element elementor-element-f8adeba elementor-widget elementor-widget-heading\" data-id=\"f8adeba\" data-element_type=\"widget\" data-widget_type=\"heading.default\">\n\t\t\t\t<div class=\"elementor-widget-container\">\n\t\t\t\t\t<h3 class=\"elementor-heading-title elementor-size-default\">Qu\u00eate de croissance, au-del\u00e0 de la zone de confort<\/h3>\t\t\t\t<\/div>\n\t\t\t\t<\/div>\n\t\t\t\t<div class=\"elementor-element elementor-element-127677e elementor-widget elementor-widget-text-editor\" data-id=\"127677e\" data-element_type=\"widget\" data-widget_type=\"text-editor.default\">\n\t\t\t\t<div class=\"elementor-widget-container\">\n\t\t\t\t\t\t\t\t\t<p>Elle a le commerce et le transport maritime dans le sang, et l\u2019esprit novateur ancr\u00e9e en elle. D\u00e8s sa cr\u00e9ation en 1964 sous l\u2019identit\u00e9 Rogers Logistics, p\u00f4le sp\u00e9cialis\u00e9 en transport de fret du Groupe Rogers, Velogic a connu une \u00e9volution constante pour devenir la plateforme de services logistiques int\u00e9gr\u00e9s qu\u2019elle est aujourd\u2019hui.\u00a0<\/p><p>L\u2019industrialisation rapide de Maurice au d\u00e9but des ann\u00e9es 1970 et le potentiel de Port Louis comme centre n\u00e9vralgique pour le commerce et les secteurs d\u2019activit\u00e9 r\u00e9gionaux, conduisent \u00e0 des travaux d\u2019agrandissement et de modernisation des infrastructures portuaires. Ils sont compl\u00e9t\u00e9s \u00e0 la fin des ann\u00e9es 1980. Rogers Logistics ajoute alors de nouveaux services \u00e0 son r\u00e9pertoire, notamment le d\u00e9douanement, l\u2019entreposage et le transport de conteneurs. Cependant, d\u2019autres am\u00e9liorations urgentes devaient \u00eatre apport\u00e9es au port pour lui permettre de devenir un v\u00e9ritable hub maritime r\u00e9gional.\u00a0<\/p><p>Gr\u00e2ce aux comp\u00e9tences et aux aptitudes dont elle dispose, l\u2019\u00e9quipe de Velogic a explor\u00e9 et saisi des opportunit\u00e9s \u00e0 l\u2019\u00e9tranger. L\u2019entreprise poss\u00e8de aujourd\u2019hui une offre logistique de port\u00e9e internationale gr\u00e2ce \u00e0 sa pr\u00e9sence en France, \u00e0 La R\u00e9union, \u00e0 Singapour, \u00e0 Madagascar, en Inde et au Kenya. Le transport de marchandises, l\u2019empaquetage de sucre et les services de manutention dans le port font partie int\u00e9grante des op\u00e9rations locales.\u00a0<\/p><p>Le d\u00e9veloppement de Maurice s\u2019est de plus en plus appuy\u00e9 sur la circulation s\u00e9curis\u00e9e et efficace des marchandises \u00e0 travers l\u2019\u00eele. Avec une gestion de la cha\u00eene d\u2019approvisionnement et des syst\u00e8mes logistiques sophistiqu\u00e9s soutenant ses activit\u00e9s, Velogic joue d\u00e9sormais un r\u00f4le d\u00e9terminant dans le transport de marchandises, allant des mat\u00e9riaux de construction aux produits pharmaceutiques. Durant la r\u00e9cente pand\u00e9mie, la compagnie a intensifi\u00e9 ses efforts et pris des initiatives pour faciliter l\u2019approvisionnement de vaccins ainsi que d\u2019autres produits et du mat\u00e9riel m\u00e9dical essentiels pour le pays.\u00a0<\/p>\t\t\t\t\t\t\t\t<\/div>\n\t\t\t\t<\/div>\n\t\t\t\t\t<\/div>\n\t\t<\/div>\n\t\t\t\t\t<\/div>\n\t\t<\/section>\n\t\t\t\t<section class=\"elementor-section elementor-top-section elementor-element elementor-element-3e840db elementor-section-boxed elementor-section-height-default elementor-section-height-default\" data-id=\"3e840db\" data-element_type=\"section\" data-settings=\"{&quot;background_background&quot;:&quot;classic&quot;}\">\n\t\t\t\t\t\t<div class=\"elementor-container elementor-column-gap-extended\">\n\t\t\t\t\t<div class=\"elementor-column elementor-col-100 elementor-top-column elementor-element elementor-element-b16c435\" data-id=\"b16c435\" data-element_type=\"column\">\n\t\t\t<div class=\"elementor-widget-wrap elementor-element-populated\">\n\t\t\t\t\t\t<div class=\"elementor-element elementor-element-0959850 elementor-widget elementor-widget-heading\" data-id=\"0959850\" data-element_type=\"widget\" data-widget_type=\"heading.default\">\n\t\t\t\t<div class=\"elementor-widget-container\">\n\t\t\t\t\t<h6 class=\"elementor-heading-title elementor-size-default\">Suivre l\u2019\u00e9volution de l\u2019\u00eele, mais \u00e9galement r\u00e9pondre \u00e0 ses besoins en temps difficile, sont au coeur de sa croissance continue et de son succ\u00e8s.<\/h6>\t\t\t\t<\/div>\n\t\t\t\t<\/div>\n\t\t\t\t\t<\/div>\n\t\t<\/div>\n\t\t\t\t\t<\/div>\n\t\t<\/section>\n\t\t\t\t<section class=\"elementor-section elementor-top-section elementor-element elementor-element-2ca06a9 elementor-section-boxed elementor-section-height-default elementor-section-height-default\" data-id=\"2ca06a9\" data-element_type=\"section\">\n\t\t\t\t\t\t<div class=\"elementor-container elementor-column-gap-default\">\n\t\t\t\t\t<div class=\"elementor-column elementor-col-100 elementor-top-column elementor-element elementor-element-8fdbaa3\" data-id=\"8fdbaa3\" data-element_type=\"column\">\n\t\t\t<div class=\"elementor-widget-wrap elementor-element-populated\">\n\t\t\t\t\t\t<div class=\"elementor-element elementor-element-f6ec20a elementor-widget elementor-widget-heading\" data-id=\"f6ec20a\" data-element_type=\"widget\" data-widget_type=\"heading.default\">\n\t\t\t\t<div class=\"elementor-widget-container\">\n\t\t\t\t\t<h3 class=\"elementor-heading-title elementor-size-default\">Promouvoir l\u2019innovation technologique<\/h3>\t\t\t\t<\/div>\n\t\t\t\t<\/div>\n\t\t\t\t<div class=\"elementor-element elementor-element-0ed248e elementor-widget elementor-widget-text-editor\" data-id=\"0ed248e\" data-element_type=\"widget\" data-widget_type=\"text-editor.default\">\n\t\t\t\t<div class=\"elementor-widget-container\">\n\t\t\t\t\t\t\t\t\t<p>Au cours des 40 derni\u00e8res ann\u00e9es, l\u2019environnement des affaires \u00e0 l\u2019\u00e9chelle globale a \u00e9t\u00e9 transform\u00e9 de mani\u00e8re spectaculaire. Le \u00ab digital \u00bb est le ma\u00eetre-mot et la connectivit\u00e9 continue red\u00e9finit les r\u00e8gles, exigeant des mani\u00e8res de travailler et de communiquer plus rapides et plus rentables. Aider les acteurs du commerce et de l\u2019industrie \u00e0 comprendre les changements rapides a toujours \u00e9t\u00e9 la raison d\u2019\u00eatre de Rogers Capital. Leurs outils : des services et produits int\u00e9gr\u00e9s pour des services financiers, les entreprises et le secteur des nouvelles technologies. Les affaires d\u00e9pendent de l\u2019Internet \u00e0 haut d\u00e9bit et de r\u00e9seaux d\u2019information efficaces. Jusqu\u2019\u00e0 tout r\u00e9cemment, une vitesse en m\u00e9ga-bits par seconde convenait parfaitement. Mais l\u2019av\u00e8nement d\u2019une nouvelle \u00e8re digitale change la donne : les giga-bits sont d\u00e9sormais la nouvelle r\u00e8gle de l\u2019Internet ultrarapide d\u00e9ploy\u00e9 \u00e0 travers une technologie de fibre optique dernier cri.\u00a0<\/p>\t\t\t\t\t\t\t\t<\/div>\n\t\t\t\t<\/div>\n\t\t\t\t<div class=\"elementor-element elementor-element-f361841 elementor-widget elementor-widget-image\" data-id=\"f361841\" data-element_type=\"widget\" data-widget_type=\"image.default\">\n\t\t\t\t<div class=\"elementor-widget-container\">\n\t\t\t\t\t\t\t\t\t\t\t\t\t\t\t<img decoding=\"async\" width=\"1680\" height=\"1120\" src=\"https:\/\/www.presencemagazine.com\/wp-content\/uploads\/2023\/01\/DSC00147.jpg\" class=\"attachment-full size-full wp-image-14060\" alt=\"\" srcset=\"https:\/\/www.presencemagazine.com\/wp-content\/uploads\/2023\/01\/DSC00147.jpg 1680w, https:\/\/www.presencemagazine.com\/wp-content\/uploads\/2023\/01\/DSC00147-300x200.jpg 300w, https:\/\/www.presencemagazine.com\/wp-content\/uploads\/2023\/01\/DSC00147-1024x683.jpg 1024w, https:\/\/www.presencemagazine.com\/wp-content\/uploads\/2023\/01\/DSC00147-768x512.jpg 768w, https:\/\/www.presencemagazine.com\/wp-content\/uploads\/2023\/01\/DSC00147-1536x1024.jpg 1536w, https:\/\/www.presencemagazine.com\/wp-content\/uploads\/2023\/01\/DSC00147-750x500.jpg 750w, https:\/\/www.presencemagazine.com\/wp-content\/uploads\/2023\/01\/DSC00147-1140x760.jpg 1140w\" sizes=\"(max-width: 1680px) 100vw, 1680px\" \/>\t\t\t\t\t\t\t\t\t\t\t\t\t\t\t<\/div>\n\t\t\t\t<\/div>\n\t\t\t\t<div class=\"elementor-element elementor-element-7413eb1 elementor-widget elementor-widget-text-editor\" data-id=\"7413eb1\" data-element_type=\"widget\" data-widget_type=\"text-editor.default\">\n\t\t\t\t<div class=\"elementor-widget-container\">\n\t\t\t\t\t\t\t\t\t<p>En am\u00e9liorant de mani\u00e8re significative la fiabilit\u00e9 et la vitesse des communications num\u00e9riques, la fibre optique d\u00e9montre son immense importance pour permettre aux entreprises mauriciennes de se positionner \u00e0 l\u2019\u00e9chelle internationale. Ayant rapidement compris cela, Rogers Capital Technology joue un r\u00f4le de premier plan dans le d\u00e9ploiement de r\u00e9seaux de fibre optique \u00e0 Port Louis et \u00e0 \u00c9b\u00e8ne, faisant d\u2019elle un acteur cl\u00e9 en mati\u00e8re de t\u00e9l\u00e9communications dans l\u2019\u00eele.\u00a0<\/p>\t\t\t\t\t\t\t\t<\/div>\n\t\t\t\t<\/div>\n\t\t\t\t\t<\/div>\n\t\t<\/div>\n\t\t\t\t\t<\/div>\n\t\t<\/section>\n\t\t\t\t<section class=\"elementor-section elementor-top-section elementor-element elementor-element-f843255 elementor-section-boxed elementor-section-height-default elementor-section-height-default\" data-id=\"f843255\" data-element_type=\"section\" data-settings=\"{&quot;background_background&quot;:&quot;classic&quot;}\">\n\t\t\t\t\t\t<div class=\"elementor-container elementor-column-gap-extended\">\n\t\t\t\t\t<div class=\"elementor-column elementor-col-100 elementor-top-column elementor-element elementor-element-8971351\" data-id=\"8971351\" data-element_type=\"column\">\n\t\t\t<div class=\"elementor-widget-wrap elementor-element-populated\">\n\t\t\t\t\t\t<div class=\"elementor-element elementor-element-4136cf9 elementor-widget elementor-widget-heading\" data-id=\"4136cf9\" data-element_type=\"widget\" data-widget_type=\"heading.default\">\n\t\t\t\t<div class=\"elementor-widget-container\">\n\t\t\t\t\t<h6 class=\"elementor-heading-title elementor-size-default\">Rogers Capital, toujours engag\u00e9 \u00e0 comprendre le changement et \u00e0 lui donner un sens.<\/h6>\t\t\t\t<\/div>\n\t\t\t\t<\/div>\n\t\t\t\t\t<\/div>\n\t\t<\/div>\n\t\t\t\t\t<\/div>\n\t\t<\/section>\n\t\t\t\t<section class=\"elementor-section elementor-top-section elementor-element elementor-element-85c287a elementor-section-boxed elementor-section-height-default elementor-section-height-default\" data-id=\"85c287a\" data-element_type=\"section\">\n\t\t\t\t\t\t<div class=\"elementor-container elementor-column-gap-default\">\n\t\t\t\t\t<div class=\"elementor-column elementor-col-100 elementor-top-column elementor-element elementor-element-8eb4799\" data-id=\"8eb4799\" data-element_type=\"column\">\n\t\t\t<div class=\"elementor-widget-wrap elementor-element-populated\">\n\t\t\t\t\t\t<div class=\"elementor-element elementor-element-490d988 elementor-widget elementor-widget-heading\" data-id=\"490d988\" data-element_type=\"widget\" data-widget_type=\"heading.default\">\n\t\t\t\t<div class=\"elementor-widget-container\">\n\t\t\t\t\t<h3 class=\"elementor-heading-title elementor-size-default\">Cr\u00e9er des opportunit\u00e9s - ajouter de la valeur, significativement<\/h3>\t\t\t\t<\/div>\n\t\t\t\t<\/div>\n\t\t\t\t<div class=\"elementor-element elementor-element-36c3bb8 elementor-widget elementor-widget-image\" data-id=\"36c3bb8\" data-element_type=\"widget\" data-widget_type=\"image.default\">\n\t\t\t\t<div class=\"elementor-widget-container\">\n\t\t\t\t\t\t\t\t\t\t\t\t\t\t\t<img loading=\"lazy\" decoding=\"async\" width=\"1680\" height=\"1120\" src=\"https:\/\/www.presencemagazine.com\/wp-content\/uploads\/2023\/01\/BagatelleArchit-016.jpg\" class=\"attachment-full size-full wp-image-14058\" alt=\"\" srcset=\"https:\/\/www.presencemagazine.com\/wp-content\/uploads\/2023\/01\/BagatelleArchit-016.jpg 1680w, https:\/\/www.presencemagazine.com\/wp-content\/uploads\/2023\/01\/BagatelleArchit-016-300x200.jpg 300w, https:\/\/www.presencemagazine.com\/wp-content\/uploads\/2023\/01\/BagatelleArchit-016-1024x683.jpg 1024w, https:\/\/www.presencemagazine.com\/wp-content\/uploads\/2023\/01\/BagatelleArchit-016-768x512.jpg 768w, https:\/\/www.presencemagazine.com\/wp-content\/uploads\/2023\/01\/BagatelleArchit-016-1536x1024.jpg 1536w, https:\/\/www.presencemagazine.com\/wp-content\/uploads\/2023\/01\/BagatelleArchit-016-750x500.jpg 750w, https:\/\/www.presencemagazine.com\/wp-content\/uploads\/2023\/01\/BagatelleArchit-016-1140x760.jpg 1140w\" sizes=\"(max-width: 1680px) 100vw, 1680px\" \/>\t\t\t\t\t\t\t\t\t\t\t\t\t\t\t<\/div>\n\t\t\t\t<\/div>\n\t\t\t\t<div class=\"elementor-element elementor-element-513fc12 elementor-widget elementor-widget-text-editor\" data-id=\"513fc12\" data-element_type=\"widget\" data-widget_type=\"text-editor.default\">\n\t\t\t\t<div class=\"elementor-widget-container\">\n\t\t\t\t\t\t\t\t\t<p>Ayant \u00e9volu\u00e9 pour mieux r\u00e9pondre aux besoins d\u2019une client\u00e8le press\u00e9e, les centres commerciaux sont devenus des lieux de vie en soi, et refl\u00e8tent aujourd\u2019hui les habitudes d\u2019achats changeantes de la soci\u00e9t\u00e9. Mais les malls du 21e si\u00e8cle ont tellement plus \u00e0 offrir ! Ascencia a compris de mani\u00e8re cruciale que ces espaces r\u00e9unissent les gens en cr\u00e9ant des opportunit\u00e9s de rencontres. Leurs centres sont r\u00e9fl\u00e9chis de mani\u00e8re \u00e0 \u00eatre anim\u00e9s d\u2019une \u00e9nergie et d\u2019une effervescence qui favorisent les \u00e9changes et les exp\u00e9riences communes.\u00a0<\/p><p>\u00c0 ce c\u00f4t\u00e9 pr\u00e9venant s\u2019ajoute une autre dimension \u00e0 travers les opportunit\u00e9s qu\u2019Ascencia offre aux entrepreneurs locaux pour qu\u2019ils puissent pr\u00e9senter leurs produits et savoir-faire au coeur des malls. La fr\u00e9quentation habituelle des centres repr\u00e9sente un fort potentiel d\u2019affaires pour ces petites et moyennes entreprises ; potentiel auquel elles n\u2019auraient autrement pas eu acc\u00e8s.\u00a0<\/p><p>Fort de son portefeuille d\u2019actifs, dans lequel figure Bagatelle Mall, le plus grand centre commercial de Maurice, le premier fonds immobilier cot\u00e9 du pays impressionne. Mais utiliser le changement de mani\u00e8re constructive, c\u2019est ajouter une valeur essentielle, une valeur ajout\u00e9e, \u00e0 la vie de ceux qui visitent ces lieux.\u00a0<\/p>\t\t\t\t\t\t\t\t<\/div>\n\t\t\t\t<\/div>\n\t\t\t\t\t<\/div>\n\t\t<\/div>\n\t\t\t\t\t<\/div>\n\t\t<\/section>\n\t\t\t\t<section class=\"elementor-section elementor-top-section elementor-element elementor-element-78b76c3 elementor-section-boxed elementor-section-height-default elementor-section-height-default\" data-id=\"78b76c3\" data-element_type=\"section\" data-settings=\"{&quot;background_background&quot;:&quot;classic&quot;}\">\n\t\t\t\t\t\t<div class=\"elementor-container elementor-column-gap-extended\">\n\t\t\t\t\t<div class=\"elementor-column elementor-col-100 elementor-top-column elementor-element elementor-element-8b4e388\" data-id=\"8b4e388\" data-element_type=\"column\">\n\t\t\t<div class=\"elementor-widget-wrap elementor-element-populated\">\n\t\t\t\t\t\t<div class=\"elementor-element elementor-element-8c70daf elementor-widget elementor-widget-heading\" data-id=\"8c70daf\" data-element_type=\"widget\" data-widget_type=\"heading.default\">\n\t\t\t\t<div class=\"elementor-widget-container\">\n\t\t\t\t\t<h6 class=\"elementor-heading-title elementor-size-default\">Rogers Capital, toujours engag\u00e9 \u00e0 comprendre le changement et \u00e0 lui donner un sens.<\/h6>\t\t\t\t<\/div>\n\t\t\t\t<\/div>\n\t\t\t\t\t<\/div>\n\t\t<\/div>\n\t\t\t\t\t<\/div>\n\t\t<\/section>\n\t\t\t\t<section class=\"elementor-section elementor-top-section elementor-element elementor-element-c955997 elementor-section-boxed elementor-section-height-default elementor-section-height-default\" data-id=\"c955997\" data-element_type=\"section\">\n\t\t\t\t\t\t<div class=\"elementor-container elementor-column-gap-default\">\n\t\t\t\t\t<div class=\"elementor-column elementor-col-100 elementor-top-column elementor-element elementor-element-e30fbd9\" data-id=\"e30fbd9\" data-element_type=\"column\">\n\t\t\t<div class=\"elementor-widget-wrap elementor-element-populated\">\n\t\t\t\t\t\t<div class=\"elementor-element elementor-element-4c63c7a elementor-widget elementor-widget-text-editor\" data-id=\"4c63c7a\" data-element_type=\"widget\" data-widget_type=\"text-editor.default\">\n\t\t\t\t<div class=\"elementor-widget-container\">\n\t\t\t\t\t\t\t\t\t<p>Le partenariat entre Ascencia et Metro Express Limited, pour amener le m\u00e9tro jusqu\u2019au Phoenix Mall, ouvre la voie au premier d\u00e9veloppement enti\u00e8rement int\u00e9gr\u00e9 ax\u00e9 sur le transport en commun \u00e0 Maurice. Inspir\u00e9 de l\u2019ambiance que l\u2019on retrouve dans les stations de train dans les grandes villes \u00e9trang\u00e8res, et avec son offre commerciale, la Phoenix Mall Station se r\u00e9v\u00e8le \u00eatre un investissement bien inspir\u00e9 d\u2019Ascencia. Mais surtout, cette collaboration est essentiellement un investissement dans les infrastructures locales. Cela participe positivement \u00e0 l\u2019\u00e9conomie du pays, promeut la mobilit\u00e9 verte des citoyens et am\u00e9liorera, in fine, la qualit\u00e9 de vie des communaut\u00e9s au cours des ann\u00e9es \u00e0 venir.\u00a0<\/p>\t\t\t\t\t\t\t\t<\/div>\n\t\t\t\t<\/div>\n\t\t\t\t\t<\/div>\n\t\t<\/div>\n\t\t\t\t\t<\/div>\n\t\t<\/section>\n\t\t\t\t<section class=\"elementor-section elementor-top-section elementor-element elementor-element-0f90d77 elementor-section-boxed elementor-section-height-default elementor-section-height-default\" data-id=\"0f90d77\" data-element_type=\"section\" data-settings=\"{&quot;background_background&quot;:&quot;classic&quot;}\">\n\t\t\t\t\t\t<div class=\"elementor-container elementor-column-gap-extended\">\n\t\t\t\t\t<div class=\"elementor-column elementor-col-100 elementor-top-column elementor-element elementor-element-a267737\" data-id=\"a267737\" data-element_type=\"column\">\n\t\t\t<div class=\"elementor-widget-wrap elementor-element-populated\">\n\t\t\t\t\t\t<div class=\"elementor-element elementor-element-5b4f83e elementor-widget elementor-widget-heading\" data-id=\"5b4f83e\" data-element_type=\"widget\" data-widget_type=\"heading.default\">\n\t\t\t\t<div class=\"elementor-widget-container\">\n\t\t\t\t\t<h6 class=\"elementor-heading-title elementor-size-default\">C\u2019est le d\u00e9veloppement durable mis \u00e0 l\u2019avant-plan.<\/h6>\t\t\t\t<\/div>\n\t\t\t\t<\/div>\n\t\t\t\t\t<\/div>\n\t\t<\/div>\n\t\t\t\t\t<\/div>\n\t\t<\/section>\n\t\t\t\t<section class=\"elementor-section elementor-top-section elementor-element elementor-element-4a8c880 elementor-section-boxed elementor-section-height-default elementor-section-height-default\" data-id=\"4a8c880\" data-element_type=\"section\">\n\t\t\t\t\t\t<div class=\"elementor-container elementor-column-gap-default\">\n\t\t\t\t\t<div class=\"elementor-column elementor-col-100 elementor-top-column elementor-element elementor-element-e783bb6\" data-id=\"e783bb6\" data-element_type=\"column\">\n\t\t\t<div class=\"elementor-widget-wrap elementor-element-populated\">\n\t\t\t\t\t\t<div class=\"elementor-element elementor-element-693a5f8 elementor-widget elementor-widget-heading\" data-id=\"693a5f8\" data-element_type=\"widget\" data-widget_type=\"heading.default\">\n\t\t\t\t<div class=\"elementor-widget-container\">\n\t\t\t\t\t<h3 class=\"elementor-heading-title elementor-size-default\">Apporter des changements qui ont du sens<\/h3>\t\t\t\t<\/div>\n\t\t\t\t<\/div>\n\t\t\t\t<div class=\"elementor-element elementor-element-463a306 elementor-widget elementor-widget-text-editor\" data-id=\"463a306\" data-element_type=\"widget\" data-widget_type=\"text-editor.default\">\n\t\t\t\t<div class=\"elementor-widget-container\">\n\t\t\t\t\t\t\t\t\t<p>Plusieurs enjeux globaux, tels que le changement climatique, la perte de biodiversit\u00e9 et les in\u00e9galit\u00e9s sociales, ont durant des d\u00e9cennies exig\u00e9 notre attention. Rogers s\u2019y est int\u00e9ress\u00e9, et ce, bien avant que la responsabilit\u00e9 soci\u00e9tale des entreprises n\u2019entre dans les moeurs. Le Groupe a compris que ces enjeux n\u00e9cessitaient des mesures urgentes et a pris ses responsabilit\u00e9s pour initier des changements.\u00a0<\/p><p>Pour Rogers, le d\u00e9veloppement social et durable a toujours \u00e9t\u00e9 une valeur. \u00c0 travers ses engagements et ses initiatives de fond dans des secteurs cl\u00e9s, il d\u00e9montre comment cela peut \u00e9galement \u00eatre un moyen de faire des affaires et, de surcro\u00eet, repr\u00e9senter une opportunit\u00e9 \u00e9conomique.\u00a0<\/p>\t\t\t\t\t\t\t\t<\/div>\n\t\t\t\t<\/div>\n\t\t\t\t\t<\/div>\n\t\t<\/div>\n\t\t\t\t\t<\/div>\n\t\t<\/section>\n\t\t\t\t<section class=\"elementor-section elementor-top-section elementor-element elementor-element-211aeab elementor-section-boxed elementor-section-height-default elementor-section-height-default\" data-id=\"211aeab\" data-element_type=\"section\" data-settings=\"{&quot;background_background&quot;:&quot;classic&quot;}\">\n\t\t\t\t\t\t<div class=\"elementor-container elementor-column-gap-extended\">\n\t\t\t\t\t<div class=\"elementor-column elementor-col-100 elementor-top-column elementor-element elementor-element-fee6162\" data-id=\"fee6162\" data-element_type=\"column\">\n\t\t\t<div class=\"elementor-widget-wrap elementor-element-populated\">\n\t\t\t\t\t\t<div class=\"elementor-element elementor-element-ed7d6a6 elementor-widget elementor-widget-heading\" data-id=\"ed7d6a6\" data-element_type=\"widget\" data-widget_type=\"heading.default\">\n\t\t\t\t<div class=\"elementor-widget-container\">\n\t\t\t\t\t<h6 class=\"elementor-heading-title elementor-size-default\">En effet, le d\u00e9veloppement durable peut produire des r\u00e9sultats tangibles qui profitent aux entreprises, aux communaut\u00e9s et \u00e0 la plan\u00e8te que nous habitons.<\/h6>\t\t\t\t<\/div>\n\t\t\t\t<\/div>\n\t\t\t\t\t<\/div>\n\t\t<\/div>\n\t\t\t\t\t<\/div>\n\t\t<\/section>\n\t\t\t\t<section class=\"elementor-section elementor-top-section elementor-element elementor-element-798acd3 elementor-section-boxed elementor-section-height-default elementor-section-height-default\" data-id=\"798acd3\" data-element_type=\"section\">\n\t\t\t\t\t\t<div class=\"elementor-container elementor-column-gap-default\">\n\t\t\t\t\t<div class=\"elementor-column elementor-col-100 elementor-top-column elementor-element elementor-element-873b47b\" data-id=\"873b47b\" data-element_type=\"column\">\n\t\t\t<div class=\"elementor-widget-wrap elementor-element-populated\">\n\t\t\t\t\t\t<div class=\"elementor-element elementor-element-f04e1e1 elementor-widget elementor-widget-heading\" data-id=\"f04e1e1\" data-element_type=\"widget\" data-widget_type=\"heading.default\">\n\t\t\t\t<div class=\"elementor-widget-container\">\n\t\t\t\t\t<h3 class=\"elementor-heading-title elementor-size-default\">Une collaboration d\u00e9cisive pour aborder un tabou de front<\/h3>\t\t\t\t<\/div>\n\t\t\t\t<\/div>\n\t\t\t\t<div class=\"elementor-element elementor-element-bc2b11b elementor-widget elementor-widget-text-editor\" data-id=\"bc2b11b\" data-element_type=\"widget\" data-widget_type=\"text-editor.default\">\n\t\t\t\t<div class=\"elementor-widget-container\">\n\t\t\t\t\t\t\t\t\t<p>La pr\u00e9valence alarmante du VIH-Sida \u00e0 Maurice, en particulier parmi les 15-24 ans, a motiv\u00e9 la collaboration entre Rogers et l\u2019ONG PILS (Pr\u00e9vention information et lutte contre le Sida) en 2007. Sans un acc\u00e8s appropri\u00e9 \u00e0 l\u2019information, au traitement et au soutien, les perspectives pour ces jeunes s\u00e9ropositifs \u00e9taient sombres, d\u2019autant que cette tranche d\u2019\u00e2ge repr\u00e9sentait alors 20 % des cas de VIH-Sida recens\u00e9s dans le pays.\u00a0<\/p><p>Rogers y a accord\u00e9 une attention et s\u2019est mobilis\u00e9 pour agir en faveur de l\u2019avenir de Maurice.<\/p>\t\t\t\t\t\t\t\t<\/div>\n\t\t\t\t<\/div>\n\t\t\t\t<div class=\"elementor-element elementor-element-973929c elementor-widget elementor-widget-image\" data-id=\"973929c\" data-element_type=\"widget\" data-widget_type=\"image.default\">\n\t\t\t\t<div class=\"elementor-widget-container\">\n\t\t\t\t\t\t\t\t\t\t\t\t\t\t\t<img loading=\"lazy\" decoding=\"async\" width=\"1680\" height=\"1121\" src=\"https:\/\/www.presencemagazine.com\/wp-content\/uploads\/2023\/01\/shutterstock_2127650324.jpg\" class=\"attachment-full size-full wp-image-13942\" alt=\"\" srcset=\"https:\/\/www.presencemagazine.com\/wp-content\/uploads\/2023\/01\/shutterstock_2127650324.jpg 1680w, https:\/\/www.presencemagazine.com\/wp-content\/uploads\/2023\/01\/shutterstock_2127650324-300x200.jpg 300w, https:\/\/www.presencemagazine.com\/wp-content\/uploads\/2023\/01\/shutterstock_2127650324-1024x683.jpg 1024w, https:\/\/www.presencemagazine.com\/wp-content\/uploads\/2023\/01\/shutterstock_2127650324-768x512.jpg 768w, https:\/\/www.presencemagazine.com\/wp-content\/uploads\/2023\/01\/shutterstock_2127650324-1536x1025.jpg 1536w, https:\/\/www.presencemagazine.com\/wp-content\/uploads\/2023\/01\/shutterstock_2127650324-750x500.jpg 750w, https:\/\/www.presencemagazine.com\/wp-content\/uploads\/2023\/01\/shutterstock_2127650324-1140x761.jpg 1140w\" sizes=\"(max-width: 1680px) 100vw, 1680px\" \/>\t\t\t\t\t\t\t\t\t\t\t\t\t\t\t<\/div>\n\t\t\t\t<\/div>\n\t\t\t\t<div class=\"elementor-element elementor-element-297780e elementor-widget elementor-widget-text-editor\" data-id=\"297780e\" data-element_type=\"widget\" data-widget_type=\"text-editor.default\">\n\t\t\t\t<div class=\"elementor-widget-container\">\n\t\t\t\t\t\t\t\t\t<p>De 2007 \u00e0 2013, des projets \u00e9ducatifs et de soutien, financ\u00e9s par une partie des profits nets d\u2019imp\u00f4ts du Groupe, ont \u00e9t\u00e9 dispens\u00e9s aux jeunes de diff\u00e9rents milieux \u00e0 plusieurs endroits. Ces programmes, \u00e9tendus aux parents et aux milieux professionnels, ont permis de d\u00e9mystifier des tabous, d\u2019encourager le dialogue et de dissiper certaines craintes. Ils ont am\u00e9lior\u00e9 la compr\u00e9hension de certaines probl\u00e9matiques et cr\u00e9\u00e9 un climat de tol\u00e9rance et d\u2019ouverture. Ces actions concr\u00e8tes ont transform\u00e9 les perspectives d\u2019avenir pour de nombreux jeunes Mauriciens et am\u00e9lior\u00e9 le bien-\u00eatre des communaut\u00e9s.<\/p>\t\t\t\t\t\t\t\t<\/div>\n\t\t\t\t<\/div>\n\t\t\t\t\t<\/div>\n\t\t<\/div>\n\t\t\t\t\t<\/div>\n\t\t<\/section>\n\t\t\t\t<section class=\"elementor-section elementor-top-section elementor-element elementor-element-31e7a14 elementor-section-boxed elementor-section-height-default elementor-section-height-default\" data-id=\"31e7a14\" data-element_type=\"section\" data-settings=\"{&quot;background_background&quot;:&quot;classic&quot;}\">\n\t\t\t\t\t\t<div class=\"elementor-container elementor-column-gap-extended\">\n\t\t\t\t\t<div class=\"elementor-column elementor-col-100 elementor-top-column elementor-element elementor-element-7c76d10\" data-id=\"7c76d10\" data-element_type=\"column\">\n\t\t\t<div class=\"elementor-widget-wrap elementor-element-populated\">\n\t\t\t\t\t\t<div class=\"elementor-element elementor-element-a1c0f7d elementor-widget elementor-widget-heading\" data-id=\"a1c0f7d\" data-element_type=\"widget\" data-widget_type=\"heading.default\">\n\t\t\t\t<div class=\"elementor-widget-container\">\n\t\t\t\t\t<h6 class=\"elementor-heading-title elementor-size-default\">Rogers \u00e9tait une des premi\u00e8res entreprises \u00e0 Maurice \u00e0 reconna\u00eetre que le d\u00e9veloppement durable devait \u00eatre une priorit\u00e9 pour g\u00e9rer et att\u00e9nuer les effets des probl\u00e8mes globaux. Et le Groupe a montr\u00e9 cet engagement en :<\/h6>\t\t\t\t<\/div>\n\t\t\t\t<\/div>\n\t\t\t\t<section class=\"elementor-section elementor-inner-section elementor-element elementor-element-cf0fe6e elementor-section-boxed elementor-section-height-default elementor-section-height-default\" data-id=\"cf0fe6e\" data-element_type=\"section\">\n\t\t\t\t\t\t<div class=\"elementor-container elementor-column-gap-default\">\n\t\t\t\t\t<div class=\"elementor-column elementor-col-33 elementor-inner-column elementor-element elementor-element-b297657\" data-id=\"b297657\" data-element_type=\"column\">\n\t\t\t<div class=\"elementor-widget-wrap elementor-element-populated\">\n\t\t\t\t\t\t<div class=\"elementor-element elementor-element-d131c14 elementor-widget elementor-widget-image\" data-id=\"d131c14\" data-element_type=\"widget\" data-widget_type=\"image.default\">\n\t\t\t\t<div class=\"elementor-widget-container\">\n\t\t\t\t\t\t\t\t\t\t\t\t\t\t\t<img loading=\"lazy\" decoding=\"async\" width=\"250\" height=\"250\" src=\"https:\/\/www.presencemagazine.com\/wp-content\/uploads\/2023\/01\/360_icon_01.png\" class=\"attachment-full size-full wp-image-14349\" alt=\"\" srcset=\"https:\/\/www.presencemagazine.com\/wp-content\/uploads\/2023\/01\/360_icon_01.png 250w, https:\/\/www.presencemagazine.com\/wp-content\/uploads\/2023\/01\/360_icon_01-150x150.png 150w, https:\/\/www.presencemagazine.com\/wp-content\/uploads\/2023\/01\/360_icon_01-60x60.png 60w, https:\/\/www.presencemagazine.com\/wp-content\/uploads\/2023\/01\/360_icon_01-24x24.png 24w, https:\/\/www.presencemagazine.com\/wp-content\/uploads\/2023\/01\/360_icon_01-48x48.png 48w, https:\/\/www.presencemagazine.com\/wp-content\/uploads\/2023\/01\/360_icon_01-96x96.png 96w, https:\/\/www.presencemagazine.com\/wp-content\/uploads\/2023\/01\/360_icon_01-75x75.png 75w\" sizes=\"(max-width: 250px) 100vw, 250px\" \/>\t\t\t\t\t\t\t\t\t\t\t\t\t\t\t<\/div>\n\t\t\t\t<\/div>\n\t\t\t\t<div class=\"elementor-element elementor-element-10c9802 elementor-widget elementor-widget-text-editor\" data-id=\"10c9802\" data-element_type=\"widget\" data-widget_type=\"text-editor.default\">\n\t\t\t\t<div class=\"elementor-widget-container\">\n\t\t\t\t\t\t\t\t\t<p style=\"text-align: center;\">L\u2019incluant dans ses activit\u00e9s au niveau corporate,<\/p>\t\t\t\t\t\t\t\t<\/div>\n\t\t\t\t<\/div>\n\t\t\t\t\t<\/div>\n\t\t<\/div>\n\t\t\t\t<div class=\"elementor-column elementor-col-33 elementor-inner-column elementor-element elementor-element-d0b38a0\" data-id=\"d0b38a0\" data-element_type=\"column\">\n\t\t\t<div class=\"elementor-widget-wrap elementor-element-populated\">\n\t\t\t\t\t\t<div class=\"elementor-element elementor-element-e6fee25 elementor-widget elementor-widget-image\" data-id=\"e6fee25\" data-element_type=\"widget\" data-widget_type=\"image.default\">\n\t\t\t\t<div class=\"elementor-widget-container\">\n\t\t\t\t\t\t\t\t\t\t\t\t\t\t\t<img loading=\"lazy\" decoding=\"async\" width=\"250\" height=\"250\" src=\"https:\/\/www.presencemagazine.com\/wp-content\/uploads\/2023\/01\/360_icon_02.png\" class=\"attachment-full size-full wp-image-14347\" alt=\"\" srcset=\"https:\/\/www.presencemagazine.com\/wp-content\/uploads\/2023\/01\/360_icon_02.png 250w, https:\/\/www.presencemagazine.com\/wp-content\/uploads\/2023\/01\/360_icon_02-150x150.png 150w, https:\/\/www.presencemagazine.com\/wp-content\/uploads\/2023\/01\/360_icon_02-60x60.png 60w, https:\/\/www.presencemagazine.com\/wp-content\/uploads\/2023\/01\/360_icon_02-24x24.png 24w, https:\/\/www.presencemagazine.com\/wp-content\/uploads\/2023\/01\/360_icon_02-48x48.png 48w, https:\/\/www.presencemagazine.com\/wp-content\/uploads\/2023\/01\/360_icon_02-96x96.png 96w, https:\/\/www.presencemagazine.com\/wp-content\/uploads\/2023\/01\/360_icon_02-75x75.png 75w\" sizes=\"(max-width: 250px) 100vw, 250px\" \/>\t\t\t\t\t\t\t\t\t\t\t\t\t\t\t<\/div>\n\t\t\t\t<\/div>\n\t\t\t\t<div class=\"elementor-element elementor-element-81750d6 elementor-widget elementor-widget-text-editor\" data-id=\"81750d6\" data-element_type=\"widget\" data-widget_type=\"text-editor.default\">\n\t\t\t\t<div class=\"elementor-widget-container\">\n\t\t\t\t\t\t\t\t\t<p style=\"text-align: center;\">L\u2019inscrivant comme un objectif strat\u00e9gique clair, et\u00a0<\/p>\t\t\t\t\t\t\t\t<\/div>\n\t\t\t\t<\/div>\n\t\t\t\t\t<\/div>\n\t\t<\/div>\n\t\t\t\t<div class=\"elementor-column elementor-col-33 elementor-inner-column elementor-element elementor-element-874db57\" data-id=\"874db57\" data-element_type=\"column\">\n\t\t\t<div class=\"elementor-widget-wrap elementor-element-populated\">\n\t\t\t\t\t\t<div class=\"elementor-element elementor-element-3feb82b elementor-widget elementor-widget-image\" data-id=\"3feb82b\" data-element_type=\"widget\" data-widget_type=\"image.default\">\n\t\t\t\t<div class=\"elementor-widget-container\">\n\t\t\t\t\t\t\t\t\t\t\t\t\t\t\t<img loading=\"lazy\" decoding=\"async\" width=\"250\" height=\"250\" src=\"https:\/\/www.presencemagazine.com\/wp-content\/uploads\/2023\/01\/360_icon_03.png\" class=\"attachment-full size-full wp-image-14345\" alt=\"\" srcset=\"https:\/\/www.presencemagazine.com\/wp-content\/uploads\/2023\/01\/360_icon_03.png 250w, https:\/\/www.presencemagazine.com\/wp-content\/uploads\/2023\/01\/360_icon_03-150x150.png 150w, https:\/\/www.presencemagazine.com\/wp-content\/uploads\/2023\/01\/360_icon_03-60x60.png 60w, https:\/\/www.presencemagazine.com\/wp-content\/uploads\/2023\/01\/360_icon_03-24x24.png 24w, https:\/\/www.presencemagazine.com\/wp-content\/uploads\/2023\/01\/360_icon_03-48x48.png 48w, https:\/\/www.presencemagazine.com\/wp-content\/uploads\/2023\/01\/360_icon_03-96x96.png 96w, https:\/\/www.presencemagazine.com\/wp-content\/uploads\/2023\/01\/360_icon_03-75x75.png 75w\" sizes=\"(max-width: 250px) 100vw, 250px\" \/>\t\t\t\t\t\t\t\t\t\t\t\t\t\t\t<\/div>\n\t\t\t\t<\/div>\n\t\t\t\t<div class=\"elementor-element elementor-element-ca8d5ce elementor-widget elementor-widget-text-editor\" data-id=\"ca8d5ce\" data-element_type=\"widget\" data-widget_type=\"text-editor.default\">\n\t\t\t\t<div class=\"elementor-widget-container\">\n\t\t\t\t\t\t\t\t\t<p style=\"text-align: center;\">Cr\u00e9ant un comit\u00e9 du Conseil d\u2019administration pour traiter des questions relatives \u00e0 la durabilit\u00e9 et \u00e0 l\u2019inclusion<\/p>\t\t\t\t\t\t\t\t<\/div>\n\t\t\t\t<\/div>\n\t\t\t\t\t<\/div>\n\t\t<\/div>\n\t\t\t\t\t<\/div>\n\t\t<\/section>\n\t\t\t\t\t<\/div>\n\t\t<\/div>\n\t\t\t\t\t<\/div>\n\t\t<\/section>\n\t\t\t\t<section class=\"elementor-section elementor-top-section elementor-element elementor-element-42dc29c elementor-section-boxed elementor-section-height-default elementor-section-height-default\" data-id=\"42dc29c\" data-element_type=\"section\">\n\t\t\t\t\t\t<div class=\"elementor-container elementor-column-gap-default\">\n\t\t\t\t\t<div class=\"elementor-column elementor-col-100 elementor-top-column elementor-element elementor-element-b7c30d2\" data-id=\"b7c30d2\" data-element_type=\"column\">\n\t\t\t<div class=\"elementor-widget-wrap elementor-element-populated\">\n\t\t\t\t\t\t<div class=\"elementor-element elementor-element-1bd85bd elementor-widget elementor-widget-heading\" data-id=\"1bd85bd\" data-element_type=\"widget\" data-widget_type=\"heading.default\">\n\t\t\t\t<div class=\"elementor-widget-container\">\n\t\t\t\t\t<h3 class=\"elementor-heading-title elementor-size-default\">\u00ab Now, for tomorrow \u00bb\u2026 rendre la durabilit\u00e9, durable<\/h3>\t\t\t\t<\/div>\n\t\t\t\t<\/div>\n\t\t\t\t<div class=\"elementor-element elementor-element-744c7fb elementor-widget elementor-widget-text-editor\" data-id=\"744c7fb\" data-element_type=\"widget\" data-widget_type=\"text-editor.default\">\n\t\t\t\t<div class=\"elementor-widget-container\">\n\t\t\t\t\t\t\t\t\t<p>Un influent homme d\u2019\u00c9tat du 20e si\u00e8cle (et un superh\u00e9ros*) ont un jour dit :\u00a0<span style=\"color: #7e0048;\"><b>\u00ab Un grand pouvoir implique de grandes responsabilit\u00e9s. \u00bb<\/b><\/span><\/p><p><i>* Sir Winston Churchill et Spiderman, respectivement\u00a0<\/i><\/p>\t\t\t\t\t\t\t\t<\/div>\n\t\t\t\t<\/div>\n\t\t\t\t<div class=\"elementor-element elementor-element-6354c81 elementor-widget elementor-widget-image\" data-id=\"6354c81\" data-element_type=\"widget\" data-widget_type=\"image.default\">\n\t\t\t\t<div class=\"elementor-widget-container\">\n\t\t\t\t\t\t\t\t\t\t\t\t\t\t\t<img loading=\"lazy\" decoding=\"async\" width=\"1680\" height=\"1120\" src=\"https:\/\/www.presencemagazine.com\/wp-content\/uploads\/2023\/01\/DSC04514.jpg\" class=\"attachment-full size-full wp-image-14036\" alt=\"\" srcset=\"https:\/\/www.presencemagazine.com\/wp-content\/uploads\/2023\/01\/DSC04514.jpg 1680w, https:\/\/www.presencemagazine.com\/wp-content\/uploads\/2023\/01\/DSC04514-300x200.jpg 300w, https:\/\/www.presencemagazine.com\/wp-content\/uploads\/2023\/01\/DSC04514-1024x683.jpg 1024w, https:\/\/www.presencemagazine.com\/wp-content\/uploads\/2023\/01\/DSC04514-768x512.jpg 768w, https:\/\/www.presencemagazine.com\/wp-content\/uploads\/2023\/01\/DSC04514-1536x1024.jpg 1536w, https:\/\/www.presencemagazine.com\/wp-content\/uploads\/2023\/01\/DSC04514-750x500.jpg 750w, https:\/\/www.presencemagazine.com\/wp-content\/uploads\/2023\/01\/DSC04514-1140x760.jpg 1140w\" sizes=\"(max-width: 1680px) 100vw, 1680px\" \/>\t\t\t\t\t\t\t\t\t\t\t\t\t\t\t<\/div>\n\t\t\t\t<\/div>\n\t\t\t\t<div class=\"elementor-element elementor-element-4e358eb elementor-widget elementor-widget-text-editor\" data-id=\"4e358eb\" data-element_type=\"widget\" data-widget_type=\"text-editor.default\">\n\t\t\t\t<div class=\"elementor-widget-container\">\n\t\t\t\t\t\t\t\t\t<p>Le tourisme est un \u00ab fil \u00bb essentiel dans le tissu \u00e9conomique de Maurice. Ceci \u00e9tant dit, la r\u00e9ussite de ce secteur ne peut se faire au d\u00e9triment des communaut\u00e9s locales et de l\u2019environnement. Il revient aux leaders du secteur de mettre en oeuvre les bonnes pratiques en mati\u00e8re de d\u00e9veloppement durable, et ce, pour le bien de tous.\u00a0<\/p><p>Rogers Hospitality assume la pleine responsabilit\u00e9 de son impact dans le secteur, d\u2019o\u00f9 l\u2019initiative \u00ab Now for Tomorrow \u00bb, qui est un engagement clair pour prioriser et d\u00e9velopper l\u2019\u00e9cotourisme \u00e0 Maurice, en d\u2019autres mots, le voyage responsable. Lanc\u00e9 en 2021 par le p\u00f4le h\u00f4telier et loisirs du Groupe, ce programme de d\u00e9veloppement inclusif exige que l\u2019h\u00f4tellerie agisse diff\u00e9remment.\u00a0<\/p><p>C\u2019est cet esprit de pionnier qui a fermement plac\u00e9 les cinq piliers de d\u00e9veloppement durable au coeur des op\u00e9rations des marques de Rogers Hospitality, \u00e0 savoir la transition \u00e9nerg\u00e9tique, l\u2019\u00e9conomie circulaire, la protection de la biodiversit\u00e9, les communaut\u00e9s dynamiques et le d\u00e9veloppement inclusif. Et c\u2019est cet esprit \u00e9galement qui a inspir\u00e9 Heritage Resorts pour cr\u00e9er les premiers et uniques s\u00e9jours neutres en carbone dans ses h\u00f4tels \u00e0 Maurice. Si les voyageurs \u00e9co-responsables s\u2019attendent \u00e0 cela, cette d\u00e9marche de compenser les \u00e9missions de carbone est aussi essentielle dans les efforts de l\u2019\u00eele pour prot\u00e9ger sa biodiversit\u00e9 fragile et parvenir \u00e0 un d\u00e9veloppement durable.\u00a0<\/p><p>Des projets ing\u00e9nieux ouvrent la voie \u00e0 la durabilit\u00e9, notamment :<\/p><ul><li>La construction d\u2019une ferme photovolta\u00efque et la reforestation des terres inutilis\u00e9es ; et\u00a0<\/li><li>Les engagements du Groupe \u00e0 s\u2019approvisionner int\u00e9gralement en produits frais, fruits de mer, viandes et volailles aupr\u00e8s d\u2019agriculteurs et de producteurs mauriciens ou r\u00e9gionaux (\u00e0 travers des partenaires dans l\u2019oc\u00e9an Indien) pour l\u2019ensemble de ses \u00e9tablissements.\u00a0<\/li><\/ul>\t\t\t\t\t\t\t\t<\/div>\n\t\t\t\t<\/div>\n\t\t\t\t\t<\/div>\n\t\t<\/div>\n\t\t\t\t\t<\/div>\n\t\t<\/section>\n\t\t\t\t<section class=\"elementor-section elementor-top-section elementor-element elementor-element-986c8a9 elementor-section-boxed elementor-section-height-default elementor-section-height-default\" data-id=\"986c8a9\" data-element_type=\"section\">\n\t\t\t\t\t\t<div class=\"elementor-container elementor-column-gap-default\">\n\t\t\t\t\t<div class=\"elementor-column elementor-col-100 elementor-top-column elementor-element elementor-element-4e220ab\" data-id=\"4e220ab\" data-element_type=\"column\">\n\t\t\t<div class=\"elementor-widget-wrap elementor-element-populated\">\n\t\t\t\t\t\t<div class=\"elementor-element elementor-element-c076ca2 elementor-widget elementor-widget-heading\" data-id=\"c076ca2\" data-element_type=\"widget\" data-widget_type=\"heading.default\">\n\t\t\t\t<div class=\"elementor-widget-container\">\n\t\t\t\t\t<h3 class=\"elementor-heading-title elementor-size-default\">Bel Ombre - o\u00f9 les mots se transforment en actions<\/h3>\t\t\t\t<\/div>\n\t\t\t\t<\/div>\n\t\t\t\t<div class=\"elementor-element elementor-element-4038979 elementor-widget elementor-widget-text-editor\" data-id=\"4038979\" data-element_type=\"widget\" data-widget_type=\"text-editor.default\">\n\t\t\t\t<div class=\"elementor-widget-container\">\n\t\t\t\t\t\t\t\t\t<p>S\u2019il est un endroit o\u00f9 les efforts collectifs et la d\u00e9termination de Rogers pour se recentrer et se transformer sont les plus visibles, c\u2019est bien \u00e0 Bel Ombre. Le village r\u00e9unit des infrastructures h\u00f4teli\u00e8res, agricoles, immobili\u00e8res et de loisirs qui sont tr\u00e8s pris\u00e9es dans l\u2019oc\u00e9an Indien. C\u2019est l\u2019une des r\u00e9gions les plus belles sur le plan naturel et les plus riches culturellement. Cependant, un grand nombre de ses habitants vivent dans la pauvret\u00e9.&nbsp;<\/p>\t\t\t\t\t\t\t\t<\/div>\n\t\t\t\t<\/div>\n\t\t\t\t<div class=\"elementor-element elementor-element-5cc79fb elementor-widget elementor-widget-image\" data-id=\"5cc79fb\" data-element_type=\"widget\" data-widget_type=\"image.default\">\n\t\t\t\t<div class=\"elementor-widget-container\">\n\t\t\t\t\t\t\t\t\t\t\t\t\t\t\t<img loading=\"lazy\" decoding=\"async\" width=\"1120\" height=\"1680\" src=\"https:\/\/www.presencemagazine.com\/wp-content\/uploads\/2023\/01\/DSC01712.jpg\" class=\"attachment-full size-full wp-image-14044\" alt=\"\" srcset=\"https:\/\/www.presencemagazine.com\/wp-content\/uploads\/2023\/01\/DSC01712.jpg 1120w, https:\/\/www.presencemagazine.com\/wp-content\/uploads\/2023\/01\/DSC01712-200x300.jpg 200w, https:\/\/www.presencemagazine.com\/wp-content\/uploads\/2023\/01\/DSC01712-683x1024.jpg 683w, https:\/\/www.presencemagazine.com\/wp-content\/uploads\/2023\/01\/DSC01712-768x1152.jpg 768w, https:\/\/www.presencemagazine.com\/wp-content\/uploads\/2023\/01\/DSC01712-1024x1536.jpg 1024w, https:\/\/www.presencemagazine.com\/wp-content\/uploads\/2023\/01\/DSC01712-750x1125.jpg 750w\" sizes=\"(max-width: 1120px) 100vw, 1120px\" \/>\t\t\t\t\t\t\t\t\t\t\t\t\t\t\t<\/div>\n\t\t\t\t<\/div>\n\t\t\t\t<div class=\"elementor-element elementor-element-792774c elementor-widget elementor-widget-text-editor\" data-id=\"792774c\" data-element_type=\"widget\" data-widget_type=\"text-editor.default\">\n\t\t\t\t<div class=\"elementor-widget-container\">\n\t\t\t\t\t\t\t\t\t<p>Gr\u00e2ce au lancement de la marque territoriale \u00ab Bel Ombre. Lamer. Later. Lavi. \u00bb plus t\u00f4t cette ann\u00e9e, Rogers entend aider la r\u00e9gion \u00e0 se r\u00e9inventer en mettant l\u2019accent sur des pratiques, des op\u00e9rations et des comportements durables.\u00a0<\/p><p>Au coeur de tout cela, l\u2019objectif commun est de cr\u00e9er un lieu qui marie r\u00e9silience et succ\u00e8s \u00e9conomique :\u00a0<\/p><ul><li>\u00a0<\/li><li>\u00a0O\u00f9 les gens et la nature s\u2019\u00e9panouissent ;\u00a0<\/li><li>O\u00f9 les solutions pour att\u00e9nuer les impacts environnementaux sont puis\u00e9es dans la nature ; et\u00a0<\/li><li>O\u00f9 l\u2019agriculture r\u00e9g\u00e9n\u00e9ratrice est fond\u00e9e sur les \u00e9cosyst\u00e8mes interconnect\u00e9s.\u00a0<\/li><\/ul><p>Cette r\u00e9gion op\u00e8re des changements importants, voire extraordinaires, et conduit \u00e0 des efforts concert\u00e9s \u00e0 travers des projets cibl\u00e9s afin d&rsquo;assurer une meilleure qualit\u00e9 de vie et de garantir la prosp\u00e9rit\u00e9 de tous ceux qui y vivent.\u00a0<\/p>\t\t\t\t\t\t\t\t<\/div>\n\t\t\t\t<\/div>\n\t\t\t\t\t<\/div>\n\t\t<\/div>\n\t\t\t\t\t<\/div>\n\t\t<\/section>\n\t\t\t\t<section class=\"elementor-section elementor-top-section elementor-element elementor-element-b61be90 elementor-section-boxed elementor-section-height-default elementor-section-height-default\" data-id=\"b61be90\" data-element_type=\"section\" data-settings=\"{&quot;background_background&quot;:&quot;classic&quot;}\">\n\t\t\t\t\t\t<div class=\"elementor-container elementor-column-gap-extended\">\n\t\t\t\t\t<div class=\"elementor-column elementor-col-100 elementor-top-column elementor-element elementor-element-d619198\" data-id=\"d619198\" data-element_type=\"column\">\n\t\t\t<div class=\"elementor-widget-wrap elementor-element-populated\">\n\t\t\t\t\t\t<div class=\"elementor-element elementor-element-3cd132b elementor-widget elementor-widget-heading\" data-id=\"3cd132b\" data-element_type=\"widget\" data-widget_type=\"heading.default\">\n\t\t\t\t<div class=\"elementor-widget-container\">\n\t\t\t\t\t<h6 class=\"elementor-heading-title elementor-size-default\">C\u2019est Rogers en action - apportant des changements et cr\u00e9ant une durabilit\u00e9 qui a du sens<\/h6>\t\t\t\t<\/div>\n\t\t\t\t<\/div>\n\t\t\t\t\t<\/div>\n\t\t<\/div>\n\t\t\t\t\t<\/div>\n\t\t<\/section>\n\t\t\t\t<\/div>\n\t\t","protected":false},"excerpt":{"rendered":"<p>La synchronicit\u00e9 au coeur de l\u2019ADN mauricien de Rogers tire son origine du lien entre l\u2019\u00e9volution du pays et les changements qui ont fa\u00e7onn\u00e9 le Groupe. Fier de son riche h\u00e9ritage et inspir\u00e9 des d\u00e9fis que conna\u00eet Maurice, Rogers a fait face au changement avec vision, mission et r\u00e9silience pendant plus d\u2019un si\u00e8cle. Alors que&#8230;<\/p>\n","protected":false},"author":3,"featured_media":14020,"comment_status":"open","ping_status":"closed","sticky":false,"template":"","format":"standard","meta":{"footnotes":""},"categories":[265,214],"tags":[271],"class_list":["post-14555","post","type-post","status-publish","format-standard","has-post-thumbnail","hentry","category-edition-11","category-tous-les-articles","tag-edition-11","wpbf-post"],"_links":{"self":[{"href":"https:\/\/www.presencemagazine.com\/fr\/wp-json\/wp\/v2\/posts\/14555","targetHints":{"allow":["GET"]}}],"collection":[{"href":"https:\/\/www.presencemagazine.com\/fr\/wp-json\/wp\/v2\/posts"}],"about":[{"href":"https:\/\/www.presencemagazine.com\/fr\/wp-json\/wp\/v2\/types\/post"}],"author":[{"embeddable":true,"href":"https:\/\/www.presencemagazine.com\/fr\/wp-json\/wp\/v2\/users\/3"}],"replies":[{"embeddable":true,"href":"https:\/\/www.presencemagazine.com\/fr\/wp-json\/wp\/v2\/comments?post=14555"}],"version-history":[{"count":3,"href":"https:\/\/www.presencemagazine.com\/fr\/wp-json\/wp\/v2\/posts\/14555\/revisions"}],"predecessor-version":[{"id":14558,"href":"https:\/\/www.presencemagazine.com\/fr\/wp-json\/wp\/v2\/posts\/14555\/revisions\/14558"}],"wp:featuredmedia":[{"embeddable":true,"href":"https:\/\/www.presencemagazine.com\/fr\/wp-json\/wp\/v2\/media\/14020"}],"wp:attachment":[{"href":"https:\/\/www.presencemagazine.com\/fr\/wp-json\/wp\/v2\/media?parent=14555"}],"wp:term":[{"taxonomy":"category","embeddable":true,"href":"https:\/\/www.presencemagazine.com\/fr\/wp-json\/wp\/v2\/categories?post=14555"},{"taxonomy":"post_tag","embeddable":true,"href":"https:\/\/www.presencemagazine.com\/fr\/wp-json\/wp\/v2\/tags?post=14555"}],"curies":[{"name":"wp","href":"https:\/\/api.w.org\/{rel}","templated":true}]}}