{"id":14164,"date":"2023-01-15T00:00:06","date_gmt":"2023-01-14T20:00:06","guid":{"rendered":"https:\/\/www.presencemagazine.com\/?p=14164"},"modified":"2023-01-24T09:45:40","modified_gmt":"2023-01-24T05:45:40","slug":"un-nouveau-quartier-a-heritage-villas-valriche","status":"publish","type":"post","link":"https:\/\/www.presencemagazine.com\/fr\/un-nouveau-quartier-a-heritage-villas-valriche\/","title":{"rendered":"Un nouveau quartier \u00e0 Heritage Villas Valriche"},"content":{"rendered":"\t\t<div data-elementor-type=\"wp-post\" data-elementor-id=\"14164\" class=\"elementor elementor-14164 elementor-14158\" data-elementor-post-type=\"post\">\n\t\t\t\t\t\t<section class=\"elementor-section elementor-top-section elementor-element elementor-element-d441b4b elementor-section-boxed elementor-section-height-default elementor-section-height-default\" data-id=\"d441b4b\" data-element_type=\"section\">\n\t\t\t\t\t\t<div class=\"elementor-container elementor-column-gap-default\">\n\t\t\t\t\t<div class=\"elementor-column elementor-col-100 elementor-top-column elementor-element elementor-element-978faea\" data-id=\"978faea\" data-element_type=\"column\">\n\t\t\t<div class=\"elementor-widget-wrap elementor-element-populated\">\n\t\t\t\t\t\t<div class=\"elementor-element elementor-element-8367c58 elementor-widget elementor-widget-heading\" data-id=\"8367c58\" data-element_type=\"widget\" data-widget_type=\"heading.default\">\n\t\t\t\t<div class=\"elementor-widget-container\">\n\t\t\t\t\t<h2 class=\"elementor-heading-title elementor-size-default\">Yves Vincent Brottier, homme d\u2019affaires fran\u00e7ais, d\u00e9cide de laisser ses entreprises sp\u00e9cialis\u00e9es dans l\u2019immobilier et les \u00e9quipements m\u00e9dicaux, pour prendre sa retraite. C\u2019est ainsi qu\u2019il pose ses valises \u00e0 Maurice et, s\u00e9duit par le potentiel de l\u2019\u00eele, fait le pari ambitieux de d\u00e9velopper tout un quartier du domaine de Heritage Villas Valriche \u00e0 Bel Ombre. T\u00e9moignage.<\/h2>\t\t\t\t<\/div>\n\t\t\t\t<\/div>\n\t\t\t\t\t<\/div>\n\t\t<\/div>\n\t\t\t\t\t<\/div>\n\t\t<\/section>\n\t\t\t\t<section class=\"elementor-section elementor-top-section elementor-element elementor-element-4ac6e58 elementor-section-boxed elementor-section-height-default elementor-section-height-default\" data-id=\"4ac6e58\" data-element_type=\"section\">\n\t\t\t\t\t\t<div class=\"elementor-container elementor-column-gap-default\">\n\t\t\t\t\t<div class=\"elementor-column elementor-col-100 elementor-top-column elementor-element elementor-element-52f7059\" data-id=\"52f7059\" data-element_type=\"column\">\n\t\t\t<div class=\"elementor-widget-wrap elementor-element-populated\">\n\t\t\t\t\t\t<div class=\"elementor-element elementor-element-b21c0ca elementor-widget elementor-widget-heading\" data-id=\"b21c0ca\" data-element_type=\"widget\" data-widget_type=\"heading.default\">\n\t\t\t\t<div class=\"elementor-widget-container\">\n\t\t\t\t\t<h4 class=\"elementor-heading-title elementor-size-default\">Maurice : un paradis sur terre ?<\/h4>\t\t\t\t<\/div>\n\t\t\t\t<\/div>\n\t\t\t\t<div class=\"elementor-element elementor-element-e9c416a elementor-widget elementor-widget-text-editor\" data-id=\"e9c416a\" data-element_type=\"widget\" data-widget_type=\"text-editor.default\">\n\t\t\t\t<div class=\"elementor-widget-container\">\n\t\t\t\t\t\t\t\t\t<p>Tout \u00e0 fait ! Mon \u00e9pouse Catherine et moi-m\u00eame recherchions initialement une belle \u00eele o\u00f9 passer la moiti\u00e9 de l\u2019ann\u00e9e. Apr\u00e8s avoir d\u00e9couvert l\u2019\u00eele Maurice, nous avons d\u00e9cid\u00e9 de nous y installer de fa\u00e7on permanente en 2021.\u00a0<\/p>\t\t\t\t\t\t\t\t<\/div>\n\t\t\t\t<\/div>\n\t\t\t\t<div class=\"elementor-element elementor-element-5afb87f elementor-widget elementor-widget-heading\" data-id=\"5afb87f\" data-element_type=\"widget\" data-widget_type=\"heading.default\">\n\t\t\t\t<div class=\"elementor-widget-container\">\n\t\t\t\t\t<h4 class=\"elementor-heading-title elementor-size-default\">Pourquoi Heritage Villas Valriche ?<\/h4>\t\t\t\t<\/div>\n\t\t\t\t<\/div>\n\t\t\t\t<div class=\"elementor-element elementor-element-b733d76 elementor-widget elementor-widget-text-editor\" data-id=\"b733d76\" data-element_type=\"widget\" data-widget_type=\"text-editor.default\">\n\t\t\t\t<div class=\"elementor-widget-container\">\n\t\t\t\t\t\t\t\t\t<p>L\u2019authenticit\u00e9 du Sud et le terrain vallonn\u00e9 de Heritage Villas Valriche nous ont s\u00e9duits. Nous y avons trouv\u00e9 la qui\u00e9tude que nous recherchions. Une opportunit\u00e9 que nous comptons bien apporter \u00e0 d\u2019autres qui partagent notre vision. Nous y avons ainsi non seulement achet\u00e9 notre propre terrain, mais aussi tout un quartier compos\u00e9 de plusieurs terrains sur lesquels nous d\u00e9velopperons des villas de luxe modernes .<\/p>\t\t\t\t\t\t\t\t<\/div>\n\t\t\t\t<\/div>\n\t\t\t\t<div class=\"elementor-element elementor-element-3e370aa elementor-widget elementor-widget-heading\" data-id=\"3e370aa\" data-element_type=\"widget\" data-widget_type=\"heading.default\">\n\t\t\t\t<div class=\"elementor-widget-container\">\n\t\t\t\t\t<h4 class=\"elementor-heading-title elementor-size-default\">La toute premi\u00e8re construction de ce quartier : votre maison !<\/h4>\t\t\t\t<\/div>\n\t\t\t\t<\/div>\n\t\t\t\t<div class=\"elementor-element elementor-element-16c7769 elementor-widget elementor-widget-text-editor\" data-id=\"16c7769\" data-element_type=\"widget\" data-widget_type=\"text-editor.default\">\n\t\t\t\t<div class=\"elementor-widget-container\">\n\t\t\t\t\t\t\t\t\t<p>Son style contemporain mettra en valeur l\u2019atout phare de notre quartier situ\u00e9 en hauteur : une vue imprenable. Nous travaillons avec un architecte fran\u00e7ais qui a notamment inclus dans le design des baies vitr\u00e9es de trois m\u00e8tres de haut pour ne rien rater du spectacle de la nature !<\/p>\t\t\t\t\t\t\t\t<\/div>\n\t\t\t\t<\/div>\n\t\t\t\t<div class=\"elementor-element elementor-element-6d797d6 elementor-widget elementor-widget-heading\" data-id=\"6d797d6\" data-element_type=\"widget\" data-widget_type=\"heading.default\">\n\t\t\t\t<div class=\"elementor-widget-container\">\n\t\t\t\t\t<h4 class=\"elementor-heading-title elementor-size-default\">Construire durablement : un must ?<\/h4>\t\t\t\t<\/div>\n\t\t\t\t<\/div>\n\t\t\t\t<div class=\"elementor-element elementor-element-49fcf56 elementor-widget elementor-widget-text-editor\" data-id=\"49fcf56\" data-element_type=\"widget\" data-widget_type=\"text-editor.default\">\n\t\t\t\t<div class=\"elementor-widget-container\">\n\t\t\t\t\t\t\t\t\t<p>Certainement ! Nous importons beaucoup de solutions techniques d\u2019Europe, o\u00f9 apparaissent de nouveaux mat\u00e9riaux in\u00e9dits et particuli\u00e8rement performants. Dans l\u2019optique de rendre nos villas le plus autonome possible en termes de consommation d\u2019eau et d\u2019\u00e9lectricit\u00e9, nous adoptons, de concert avec le promoteur, diverses mesures, \u00e0 l\u2019instar de l\u2019installation de panneaux photovolta\u00efques, qui viennent s\u2019ajouter \u00e0 une isolation thermique tant en toiture que sur les murs les plus expos\u00e9s au soleil.<\/p>\t\t\t\t\t\t\t\t<\/div>\n\t\t\t\t<\/div>\n\t\t\t\t\t<\/div>\n\t\t<\/div>\n\t\t\t\t\t<\/div>\n\t\t<\/section>\n\t\t\t\t<section class=\"elementor-section elementor-top-section elementor-element elementor-element-f58f901 elementor-section-boxed elementor-section-height-default elementor-section-height-default\" data-id=\"f58f901\" data-element_type=\"section\">\n\t\t\t\t\t\t<div class=\"elementor-container elementor-column-gap-default\">\n\t\t\t\t\t<div class=\"elementor-column elementor-col-100 elementor-top-column elementor-element elementor-element-c237033\" data-id=\"c237033\" data-element_type=\"column\" data-settings=\"{&quot;background_background&quot;:&quot;classic&quot;}\">\n\t\t\t<div class=\"elementor-widget-wrap elementor-element-populated\">\n\t\t\t\t\t\t<div class=\"elementor-element elementor-element-5cc3311 elementor-widget elementor-widget-text-editor\" data-id=\"5cc3311\" data-element_type=\"widget\" data-widget_type=\"text-editor.default\">\n\t\t\t\t<div class=\"elementor-widget-container\">\n\t\t\t\t\t\t\t\t\t<p>Yves Vincent Brottier est le troisi\u00e8me homme d\u2019affaires \u00e0 acheter un quartier de Heritage Villas Valriche pour y d\u00e9velopper, au fur et \u00e0 mesure, des villas cl\u00e9s en main. Un nouveau type de demande auquel r\u00e9pond Heritage Villas Valriche gr\u00e2ce, notamment, \u00e0 trois autres quartiers, les derniers du domaine. Totalisant six lots chacun, ils sont actuellement propos\u00e9s \u00e0 la vente.<\/p>\t\t\t\t\t\t\t\t<\/div>\n\t\t\t\t<\/div>\n\t\t\t\t\t<\/div>\n\t\t<\/div>\n\t\t\t\t\t<\/div>\n\t\t<\/section>\n\t\t\t\t<\/div>\n\t\t","protected":false},"excerpt":{"rendered":"<p>Yves Vincent Brottier, homme d\u2019affaires fran\u00e7ais, d\u00e9cide de laisser ses entreprises sp\u00e9cialis\u00e9es dans l\u2019immobilier et les \u00e9quipements m\u00e9dicaux, pour prendre sa retraite. C\u2019est ainsi qu\u2019il pose ses valises \u00e0 Maurice et, s\u00e9duit par le potentiel de l\u2019\u00eele, fait le pari ambitieux de d\u00e9velopper tout un quartier du domaine de Heritage Villas Valriche \u00e0 Bel Ombre&#8230;.<\/p>\n","protected":false},"author":3,"featured_media":13946,"comment_status":"open","ping_status":"closed","sticky":false,"template":"","format":"standard","meta":{"footnotes":""},"categories":[265,214],"tags":[271],"class_list":["post-14164","post","type-post","status-publish","format-standard","has-post-thumbnail","hentry","category-edition-11","category-tous-les-articles","tag-edition-11","wpbf-post"],"_links":{"self":[{"href":"https:\/\/www.presencemagazine.com\/fr\/wp-json\/wp\/v2\/posts\/14164","targetHints":{"allow":["GET"]}}],"collection":[{"href":"https:\/\/www.presencemagazine.com\/fr\/wp-json\/wp\/v2\/posts"}],"about":[{"href":"https:\/\/www.presencemagazine.com\/fr\/wp-json\/wp\/v2\/types\/post"}],"author":[{"embeddable":true,"href":"https:\/\/www.presencemagazine.com\/fr\/wp-json\/wp\/v2\/users\/3"}],"replies":[{"embeddable":true,"href":"https:\/\/www.presencemagazine.com\/fr\/wp-json\/wp\/v2\/comments?post=14164"}],"version-history":[{"count":8,"href":"https:\/\/www.presencemagazine.com\/fr\/wp-json\/wp\/v2\/posts\/14164\/revisions"}],"predecessor-version":[{"id":14530,"href":"https:\/\/www.presencemagazine.com\/fr\/wp-json\/wp\/v2\/posts\/14164\/revisions\/14530"}],"wp:featuredmedia":[{"embeddable":true,"href":"https:\/\/www.presencemagazine.com\/fr\/wp-json\/wp\/v2\/media\/13946"}],"wp:attachment":[{"href":"https:\/\/www.presencemagazine.com\/fr\/wp-json\/wp\/v2\/media?parent=14164"}],"wp:term":[{"taxonomy":"category","embeddable":true,"href":"https:\/\/www.presencemagazine.com\/fr\/wp-json\/wp\/v2\/categories?post=14164"},{"taxonomy":"post_tag","embeddable":true,"href":"https:\/\/www.presencemagazine.com\/fr\/wp-json\/wp\/v2\/tags?post=14164"}],"curies":[{"name":"wp","href":"https:\/\/api.w.org\/{rel}","templated":true}]}}