{"id":14115,"date":"2023-01-18T00:00:09","date_gmt":"2023-01-17T20:00:09","guid":{"rendered":"https:\/\/www.presencemagazine.com\/?p=14115"},"modified":"2023-01-25T14:16:53","modified_gmt":"2023-01-25T10:16:53","slug":"veranda-resorts-40-ans-dauthenticite","status":"publish","type":"post","link":"https:\/\/www.presencemagazine.com\/fr\/veranda-resorts-40-ans-dauthenticite\/","title":{"rendered":"Veranda Resorts, 40 ans d&rsquo;authenticit\u00e9"},"content":{"rendered":"\t\t<div data-elementor-type=\"wp-post\" data-elementor-id=\"14115\" class=\"elementor elementor-14115 elementor-14105\" data-elementor-post-type=\"post\">\n\t\t\t\t\t\t<section class=\"elementor-section elementor-top-section elementor-element elementor-element-33a6752 elementor-section-boxed elementor-section-height-default elementor-section-height-default\" data-id=\"33a6752\" data-element_type=\"section\">\n\t\t\t\t\t\t<div class=\"elementor-container elementor-column-gap-default\">\n\t\t\t\t\t<div class=\"elementor-column elementor-col-100 elementor-top-column elementor-element elementor-element-0807462\" data-id=\"0807462\" data-element_type=\"column\">\n\t\t\t<div class=\"elementor-widget-wrap elementor-element-populated\">\n\t\t\t\t\t\t<div class=\"elementor-element elementor-element-d4cb93a elementor-widget elementor-widget-heading\" data-id=\"d4cb93a\" data-element_type=\"widget\" data-widget_type=\"heading.default\">\n\t\t\t\t<div class=\"elementor-widget-container\">\n\t\t\t\t\t<h3 class=\"elementor-heading-title elementor-size-default\">En 2022, Veranda Resorts a f\u00eat\u00e9 ses 40 ans d\u2019existence : des ann\u00e9es plac\u00e9es sous le signe du savoir-faire, du service et du mauricianisme. Retour en images sur la success-story de cette filiale de Rogers ayant fortement contribu\u00e9 au d\u00e9veloppement de l\u2019h\u00f4tellerie mauricienne de charme et qui dispose aujourd\u2019hui de cinq boutique h\u00f4tels.<\/h3>\t\t\t\t<\/div>\n\t\t\t\t<\/div>\n\t\t\t\t<div class=\"elementor-element elementor-element-f6290fb elementor-widget elementor-widget-text-editor\" data-id=\"f6290fb\" data-element_type=\"widget\" data-widget_type=\"text-editor.default\">\n\t\t\t\t<div class=\"elementor-widget-container\">\n\t\t\t\t\t\t\t\t\t<p>C\u2019est en octobre 1982 que le Veranda Bungalow Village voit le jour dans le nord de l\u2019\u00eele, au coeur du village baln\u00e9aire de Grand Baie. Celui qui fut renomm\u00e9 en 2002 Veranda Grand Baie comportait alors 29 bungalows construits dans un style cr\u00e9ole qui faisait le charme d\u2019antan. De plus, chaque chambre poss\u00e9dait une charmante v\u00e9randa \u2013 d\u2019o\u00f9 le nom de l\u2019h\u00f4tel \u2013 et donnait sur de beaux jardins surplombant le mythique lagon turquoise de Grand Baie. L\u2019ambition des fondateurs (les h\u00f4teliers mauriciens Guy Hugnin et Michel Pitot) \u00e9tait alors de pallier au manque d\u2019h\u00f4tels de charme \u00e0 Maurice. \u00c0 son ouverture, l\u2019\u00e9tablissement est l\u2019un des premiers \u00e0 \u00eatre g\u00e9r\u00e9 par une femme, Sybille Manuel. Le 3 \u00e9toiles de l\u2019\u00e9poque a depuis \u00e9t\u00e9 embelli, devenant au fil des ann\u00e9es une des adresses les plus pris\u00e9es du Nord de l&rsquo;\u00eele. L&rsquo;h\u00f4tel Veranda Grand Baie 4 \u00e9toiles fait l\u2019objet d\u2019une r\u00e9novation majeure, avec une r\u00e9ouverture pr\u00e9vue en juillet 2023.<\/p>\t\t\t\t\t\t\t\t<\/div>\n\t\t\t\t<\/div>\n\t\t\t\t<div class=\"elementor-element elementor-element-d5060a7 elementor-widget elementor-widget-image\" data-id=\"d5060a7\" data-element_type=\"widget\" data-widget_type=\"image.default\">\n\t\t\t\t<div class=\"elementor-widget-container\">\n\t\t\t\t\t\t\t\t\t\t\t\t\t\t\t<img fetchpriority=\"high\" decoding=\"async\" width=\"1680\" height=\"1199\" src=\"https:\/\/www.presencemagazine.com\/wp-content\/uploads\/2023\/01\/2023162199439973319.jpg\" class=\"attachment-full size-full wp-image-14088\" alt=\"\" srcset=\"https:\/\/www.presencemagazine.com\/wp-content\/uploads\/2023\/01\/2023162199439973319.jpg 1680w, https:\/\/www.presencemagazine.com\/wp-content\/uploads\/2023\/01\/2023162199439973319-300x214.jpg 300w, https:\/\/www.presencemagazine.com\/wp-content\/uploads\/2023\/01\/2023162199439973319-1024x731.jpg 1024w, https:\/\/www.presencemagazine.com\/wp-content\/uploads\/2023\/01\/2023162199439973319-768x548.jpg 768w, https:\/\/www.presencemagazine.com\/wp-content\/uploads\/2023\/01\/2023162199439973319-1536x1096.jpg 1536w, https:\/\/www.presencemagazine.com\/wp-content\/uploads\/2023\/01\/2023162199439973319-120x86.jpg 120w, https:\/\/www.presencemagazine.com\/wp-content\/uploads\/2023\/01\/2023162199439973319-350x250.jpg 350w, https:\/\/www.presencemagazine.com\/wp-content\/uploads\/2023\/01\/2023162199439973319-750x535.jpg 750w, https:\/\/www.presencemagazine.com\/wp-content\/uploads\/2023\/01\/2023162199439973319-1140x814.jpg 1140w\" sizes=\"(max-width: 1680px) 100vw, 1680px\" \/>\t\t\t\t\t\t\t\t\t\t\t\t\t\t\t<\/div>\n\t\t\t\t<\/div>\n\t\t\t\t<div class=\"elementor-element elementor-element-209b6d1 elementor-widget elementor-widget-heading\" data-id=\"209b6d1\" data-element_type=\"widget\" data-widget_type=\"heading.default\">\n\t\t\t\t<div class=\"elementor-widget-container\">\n\t\t\t\t\t<h2 class=\"elementor-heading-title elementor-size-default\">Expansion<\/h2>\t\t\t\t<\/div>\n\t\t\t\t<\/div>\n\t\t\t\t<div class=\"elementor-element elementor-element-b6c32cc elementor-widget elementor-widget-text-editor\" data-id=\"b6c32cc\" data-element_type=\"widget\" data-widget_type=\"text-editor.default\">\n\t\t\t\t<div class=\"elementor-widget-container\">\n\t\t\t\t\t\t\t\t\tC\u2019est en 2000 qu\u2019ouvre la deuxi\u00e8me adresse de Veranda Resorts : le 4 \u00e9toiles Veranda Paul &#038; Virginie \u00e0 Grand Gaube. L\u2019\u00e9tablissement est nomm\u00e9 ainsi en hommage au roman du m\u00eame nom de Bernardin de Saint-Pierre, inspir\u00e9 du naufrage du navire Le Saint-G\u00e9ran en 1744, au large de l\u2019\u00eele d\u2019Ambre (situ\u00e9e \u00e0 quelques encablures de l\u2019h\u00f4tel). Apr\u00e8s l\u2019ouverture du Veranda Palmar Beach en 2001, c\u2019est au tour de Veranda Pointe-aux-Biches d\u2019\u00eatre inaugur\u00e9 en 2004 : ce 4 \u00e9toiles nich\u00e9 au nordouest de l\u2019\u00eele devient ainsi la quatri\u00e8me adresse de Veranda Resorts. Au terme de sa r\u00e9novation en 2015, son concept \u00ab pieds nus \u00bb y fait fureur, tandis que son aile d\u00e9di\u00e9e aux adultes s\u00e9duit les couples. En 2016, Veranda Resorts rach\u00e8te l\u2019H\u00f4tel Tamarin, un 3 \u00e9toiles de 66 chambres, situ\u00e9 face \u00e0 la c\u00e9l\u00e8bre baie de Tamarin. D\u00e9sormais connu sous le nom de Veranda Tamarin, ce cinqui\u00e8me \u00e9tablissement a \u00e9t\u00e9 r\u00e9nov\u00e9 et agrandi en 2018.\n&nbsp;\t\t\t\t\t\t\t\t<\/div>\n\t\t\t\t<\/div>\n\t\t\t\t<div class=\"elementor-element elementor-element-829199b elementor-pagination-position-inside elementor-arrows-position-inside elementor-widget elementor-widget-image-carousel\" data-id=\"829199b\" data-element_type=\"widget\" data-settings=\"{&quot;slides_to_show&quot;:&quot;1&quot;,&quot;navigation&quot;:&quot;both&quot;,&quot;autoplay&quot;:&quot;yes&quot;,&quot;pause_on_hover&quot;:&quot;yes&quot;,&quot;pause_on_interaction&quot;:&quot;yes&quot;,&quot;autoplay_speed&quot;:5000,&quot;infinite&quot;:&quot;yes&quot;,&quot;effect&quot;:&quot;slide&quot;,&quot;speed&quot;:500}\" data-widget_type=\"image-carousel.default\">\n\t\t\t\t<div class=\"elementor-widget-container\">\n\t\t\t\t\t\t\t<div class=\"elementor-image-carousel-wrapper swiper\" role=\"region\" aria-roledescription=\"carousel\" aria-label=\"Carrousel d\u2019images\" dir=\"ltr\">\n\t\t\t<div class=\"elementor-image-carousel swiper-wrapper swiper-image-stretch\" aria-live=\"off\">\n\t\t\t\t\t\t\t\t<div class=\"swiper-slide\" role=\"group\" aria-roledescription=\"slide\" aria-label=\"1 sur 2\"><figure class=\"swiper-slide-inner\"><img decoding=\"async\" class=\"swiper-slide-image\" src=\"https:\/\/www.presencemagazine.com\/wp-content\/uploads\/2023\/01\/VGB-Entrance-Lobby-1300x650.jpg\" alt=\"VGB - Entrance Lobby\" \/><\/figure><\/div><div class=\"swiper-slide\" role=\"group\" aria-roledescription=\"slide\" aria-label=\"2 sur 2\"><figure class=\"swiper-slide-inner\"><img decoding=\"async\" class=\"swiper-slide-image\" src=\"https:\/\/www.presencemagazine.com\/wp-content\/uploads\/2023\/01\/VTH-ROOFTOP-1300x650.jpg\" alt=\"VTH-ROOFTOP\" \/><\/figure><\/div>\t\t\t<\/div>\n\t\t\t\t\t\t\t\t\t\t\t\t<div class=\"elementor-swiper-button elementor-swiper-button-prev\" role=\"button\" tabindex=\"0\">\n\t\t\t\t\t\t<i aria-hidden=\"true\" class=\"eicon-chevron-left\"><\/i>\t\t\t\t\t<\/div>\n\t\t\t\t\t<div class=\"elementor-swiper-button elementor-swiper-button-next\" role=\"button\" tabindex=\"0\">\n\t\t\t\t\t\t<i aria-hidden=\"true\" class=\"eicon-chevron-right\"><\/i>\t\t\t\t\t<\/div>\n\t\t\t\t\n\t\t\t\t\t\t\t\t\t<div class=\"swiper-pagination\"><\/div>\n\t\t\t\t\t\t\t\t\t<\/div>\n\t\t\t\t\t\t<\/div>\n\t\t\t\t<\/div>\n\t\t\t\t<div class=\"elementor-element elementor-element-3efb864 elementor-widget elementor-widget-heading\" data-id=\"3efb864\" data-element_type=\"widget\" data-widget_type=\"heading.default\">\n\t\t\t\t<div class=\"elementor-widget-container\">\n\t\t\t\t\t<h2 class=\"elementor-heading-title elementor-size-default\">Ecoresponsabilit\u00e9<\/h2>\t\t\t\t<\/div>\n\t\t\t\t<\/div>\n\t\t\t\t<div class=\"elementor-element elementor-element-382f400 elementor-widget elementor-widget-text-editor\" data-id=\"382f400\" data-element_type=\"widget\" data-widget_type=\"text-editor.default\">\n\t\t\t\t<div class=\"elementor-widget-container\">\n\t\t\t\t\t\t\t\t\tSoucieux d\u2019int\u00e9grer la dimension \u00e9cologique \u00e0 ses activit\u00e9s, Veranda Resorts explore diverses voies \u00e9coresponsables. En 2022, Veranda Tamarin a re\u00e7u la certification \u00ab The Pledge on Food Waste \u00bb : en effet, ses nouvelles m\u00e9thodes de fonctionnement ont permis de r\u00e9duire le gaspillage alimentaire, de diminuer les co\u00fbts inutiles et de privil\u00e9gier les fournisseurs locaux. Suivant le mouvement, les autres adresses du groupe adoptent \u00e9galement de meilleures pratiques en termes de gaspillage alimentaire. Et ce n\u2019est pas tout : toujours en ligne avec son engagement en faveur du d\u00e9veloppement durable, Veranda Resorts a obtenu la certification Green Key \u2013 un programme de certification durable de l\u2019industrie h\u00f4teli\u00e8re mondiale \u2013 pour l\u2019ensemble de ses adresses, devenant ainsi la seule marque d\u2019h\u00f4tels de charme de l\u2019\u00eele \u00e0 atteindre cette \u00e9tape. Une ann\u00e9e riche en innovations pour Veranda Resorts !\t\t\t\t\t\t\t\t<\/div>\n\t\t\t\t<\/div>\n\t\t\t\t<div class=\"elementor-element elementor-element-c9a649d elementor-widget elementor-widget-image\" data-id=\"c9a649d\" data-element_type=\"widget\" data-widget_type=\"image.default\">\n\t\t\t\t<div class=\"elementor-widget-container\">\n\t\t\t\t\t\t\t\t\t\t\t\t\t\t\t<img decoding=\"async\" width=\"1680\" height=\"945\" src=\"https:\/\/www.presencemagazine.com\/wp-content\/uploads\/2023\/01\/awanam2.jpg\" class=\"attachment-full size-full wp-image-14070\" alt=\"\" srcset=\"https:\/\/www.presencemagazine.com\/wp-content\/uploads\/2023\/01\/awanam2.jpg 1680w, https:\/\/www.presencemagazine.com\/wp-content\/uploads\/2023\/01\/awanam2-300x169.jpg 300w, https:\/\/www.presencemagazine.com\/wp-content\/uploads\/2023\/01\/awanam2-1024x576.jpg 1024w, https:\/\/www.presencemagazine.com\/wp-content\/uploads\/2023\/01\/awanam2-768x432.jpg 768w, https:\/\/www.presencemagazine.com\/wp-content\/uploads\/2023\/01\/awanam2-1536x864.jpg 1536w, https:\/\/www.presencemagazine.com\/wp-content\/uploads\/2023\/01\/awanam2-750x422.jpg 750w, https:\/\/www.presencemagazine.com\/wp-content\/uploads\/2023\/01\/awanam2-1140x641.jpg 1140w\" sizes=\"(max-width: 1680px) 100vw, 1680px\" \/>\t\t\t\t\t\t\t\t\t\t\t\t\t\t\t<\/div>\n\t\t\t\t<\/div>\n\t\t\t\t<div class=\"elementor-element elementor-element-5b468a3 elementor-widget elementor-widget-heading\" data-id=\"5b468a3\" data-element_type=\"widget\" data-widget_type=\"heading.default\">\n\t\t\t\t<div class=\"elementor-widget-container\">\n\t\t\t\t\t<h2 class=\"elementor-heading-title elementor-size-default\">Cultural immersion<\/h2>\t\t\t\t<\/div>\n\t\t\t\t<\/div>\n\t\t\t\t<div class=\"elementor-element elementor-element-8e5873b elementor-widget elementor-widget-text-editor\" data-id=\"8e5873b\" data-element_type=\"widget\" data-widget_type=\"text-editor.default\">\n\t\t\t\t<div class=\"elementor-widget-container\">\n\t\t\t\t\t\t\t\t\tS\u2019appuyant sur la d\u00e9couverte de la vie locale, le surf, la musique et la protection de l\u2019environnement, Veranda Tamarin qui abrite d\u00e9sormais 116 chambres, accueille depuis 2021 un concept \u00e9v\u00e9nementiel sous la marque Awanam. Un programme vari\u00e9 est ainsi offert \u00e0 Veranda Tamarin chaque semaine, du jeudi au dimanche : afterworks, concerts, DJs\u2026\n\t\t\t\t\t\t\t\t<\/div>\n\t\t\t\t<\/div>\n\t\t\t\t<div class=\"elementor-element elementor-element-37dc54e elementor-widget elementor-widget-text-editor\" data-id=\"37dc54e\" data-element_type=\"widget\" data-widget_type=\"text-editor.default\">\n\t\t\t\t<div class=\"elementor-widget-container\">\n\t\t\t\t\t\t\t\t\tL\u2019\u00e9tablissement mise \u00e9galement sur son \u00ab Explorer Program \u00bb pour inviter ses h\u00f4tes \u00e0 plonger au coeur de la culture mauricienne. Gr\u00e2ce \u00e0 ce concentr\u00e9 d\u2019exp\u00e9riences authentiques, les visiteurs d\u00e9couvrent ainsi les sp\u00e9cificit\u00e9s locales \u2013 culinaires ou g\u00e9ographiques \u2013, ou encore la faune et la flore. Une immersion qui c\u00e9l\u00e8bre la vie \u00e0 la mauricienne.\n\t\t\t\t\t\t\t\t<\/div>\n\t\t\t\t<\/div>\n\t\t\t\t\t<\/div>\n\t\t<\/div>\n\t\t\t\t\t<\/div>\n\t\t<\/section>\n\t\t\t\t<\/div>\n\t\t","protected":false},"excerpt":{"rendered":"<p>En 2022, Veranda Resorts a f\u00eat\u00e9 ses 40 ans d\u2019existence : des ann\u00e9es plac\u00e9es sous le signe du savoir-faire, du service et du mauricianisme. Retour en images sur la success-story de cette filiale de Rogers ayant fortement contribu\u00e9 au d\u00e9veloppement de l\u2019h\u00f4tellerie mauricienne de charme et qui dispose aujourd\u2019hui de cinq boutique h\u00f4tels. C\u2019est en&#8230;<\/p>\n","protected":false},"author":3,"featured_media":14072,"comment_status":"open","ping_status":"closed","sticky":false,"template":"","format":"standard","meta":{"footnotes":""},"categories":[265,214],"tags":[271],"class_list":["post-14115","post","type-post","status-publish","format-standard","has-post-thumbnail","hentry","category-edition-11","category-tous-les-articles","tag-edition-11","wpbf-post"],"_links":{"self":[{"href":"https:\/\/www.presencemagazine.com\/fr\/wp-json\/wp\/v2\/posts\/14115","targetHints":{"allow":["GET"]}}],"collection":[{"href":"https:\/\/www.presencemagazine.com\/fr\/wp-json\/wp\/v2\/posts"}],"about":[{"href":"https:\/\/www.presencemagazine.com\/fr\/wp-json\/wp\/v2\/types\/post"}],"author":[{"embeddable":true,"href":"https:\/\/www.presencemagazine.com\/fr\/wp-json\/wp\/v2\/users\/3"}],"replies":[{"embeddable":true,"href":"https:\/\/www.presencemagazine.com\/fr\/wp-json\/wp\/v2\/comments?post=14115"}],"version-history":[{"count":10,"href":"https:\/\/www.presencemagazine.com\/fr\/wp-json\/wp\/v2\/posts\/14115\/revisions"}],"predecessor-version":[{"id":14644,"href":"https:\/\/www.presencemagazine.com\/fr\/wp-json\/wp\/v2\/posts\/14115\/revisions\/14644"}],"wp:featuredmedia":[{"embeddable":true,"href":"https:\/\/www.presencemagazine.com\/fr\/wp-json\/wp\/v2\/media\/14072"}],"wp:attachment":[{"href":"https:\/\/www.presencemagazine.com\/fr\/wp-json\/wp\/v2\/media?parent=14115"}],"wp:term":[{"taxonomy":"category","embeddable":true,"href":"https:\/\/www.presencemagazine.com\/fr\/wp-json\/wp\/v2\/categories?post=14115"},{"taxonomy":"post_tag","embeddable":true,"href":"https:\/\/www.presencemagazine.com\/fr\/wp-json\/wp\/v2\/tags?post=14115"}],"curies":[{"name":"wp","href":"https:\/\/api.w.org\/{rel}","templated":true}]}}