{"id":14096,"date":"2023-01-19T00:00:46","date_gmt":"2023-01-18T20:00:46","guid":{"rendered":"https:\/\/www.presencemagazine.com\/?p=14096"},"modified":"2023-01-24T09:45:39","modified_gmt":"2023-01-24T05:45:39","slug":"un-nouveau-chapitre-pour-rogers-et-pour-presence","status":"publish","type":"post","link":"https:\/\/www.presencemagazine.com\/fr\/un-nouveau-chapitre-pour-rogers-et-pour-presence\/","title":{"rendered":"Un nouveau chapitre pour Rogers, et pour Presence"},"content":{"rendered":"\t\t<div data-elementor-type=\"wp-post\" data-elementor-id=\"14096\" class=\"elementor elementor-14096 elementor-14090\" data-elementor-post-type=\"post\">\n\t\t\t\t\t\t<section class=\"elementor-section elementor-top-section elementor-element elementor-element-a62f152 elementor-section-boxed elementor-section-height-default elementor-section-height-default\" data-id=\"a62f152\" data-element_type=\"section\">\n\t\t\t\t\t\t<div class=\"elementor-container elementor-column-gap-default\">\n\t\t\t\t\t<div class=\"elementor-column elementor-col-100 elementor-top-column elementor-element elementor-element-931d6fc\" data-id=\"931d6fc\" data-element_type=\"column\">\n\t\t\t<div class=\"elementor-widget-wrap elementor-element-populated\">\n\t\t\t\t\t\t<div class=\"elementor-element elementor-element-f916a97 elementor-widget elementor-widget-text-editor\" data-id=\"f916a97\" data-element_type=\"widget\" data-widget_type=\"text-editor.default\">\n\t\t\t\t<div class=\"elementor-widget-container\">\n\t\t\t\t\t\t\t\t\t<p>Je ne surprendrai personne en affirmant que nous vivons une \u00e9poque de grands bouleversements. Mais alors qu\u2019un nouvel ordre mondial se dessine, je suis heureux de pouvoir dire que la vision de Rogers se fa\u00e7onne pour mieux r\u00e9pondre \u00e0 ses challenges soci\u00e9taux et environnementaux : nous nous donnons les moyens de faire notre part face au changement.<\/p><p>Ce changement, j\u2019en suis persuad\u00e9, est synonyme d\u2019opportunit\u00e9s. C\u2019est pourquoi chez Rogers, nous l\u2019accueillons avec un esprit ouvert. Il nous inspire et nous pousse \u00e0 l\u2019action. Nous continuons d\u2019int\u00e9grer chaque jour un peu plus le d\u00e9veloppement durable \u00e0 notre strat\u00e9gie \u2013 non pas comme un item parall\u00e8le \u00e0 nos actions, mais comme une composante inh\u00e9rente de notre croissance. Car, oui : la durabilit\u00e9 si fragile de nos jours, en plus de la profitabilit\u00e9 et la p\u00e9rennit\u00e9 de nos entreprises, peut cr\u00e9er des r\u00e9sultats tangibles, qui profitent aussi aux communaut\u00e9s qu\u2019elles servent, et \u00e0 la plan\u00e8te.<\/p><p>C\u2019est en ce sens que nous ouvrons aujourd\u2019hui un nouveau chapitre de notre histoire. Notre nouvelle identit\u00e9, qui refl\u00e8te le r\u00e9alignement des piliers et de la mission de Rogers, s\u2019accompagne d\u2019une promesse de marque forte : \u00ab Meaningful Change \u00bb. Une invitation \u00e0 favoriser un changement positif en nous, et autour de nous. Cette promesse est une v\u00e9ritable raison d\u2019\u00eatre : elle guide l\u2019ensemble de nos op\u00e9rations et met en lumi\u00e8re notre volont\u00e9 de concentrer nos efforts sur l\u2019impact \u00e9conomique, social et environnemental de nos entreprises.<\/p><p>Cette nouvelle \u00e9dition de Presence est, elle aussi, port\u00e9e par cette dynamique. Revisit\u00e9 tant sur le fond que la forme apr\u00e8s dix ans d\u2019existence, Presence est pens\u00e9 comme un magazine de soci\u00e9t\u00e9 qui r\u00e9fl\u00e9chit \u00e0 l\u2019avenir de son pays. Engag\u00e9 et optimiste, humain et \u00e9clectique, il vise \u00e0 planter des graines de r\u00e9flexion pour faire bouger les lignes. \u00c0 travers ses pages, d\u00e9couvrez les histoires des acteurs du changement et les id\u00e9es qui fa\u00e7onneront demain. Vous aussi, rejoignez le mouvement pour cr\u00e9er ensemble un \u00ab meaningful change \u00bb !<\/p><p>\u00a0<\/p>\t\t\t\t\t\t\t\t<\/div>\n\t\t\t\t<\/div>\n\t\t\t\t\t<\/div>\n\t\t<\/div>\n\t\t\t\t\t<\/div>\n\t\t<\/section>\n\t\t\t\t<\/div>\n\t\t","protected":false},"excerpt":{"rendered":"<p>Je ne surprendrai personne en affirmant que nous vivons une \u00e9poque de grands bouleversements. Mais alors qu\u2019un nouvel ordre mondial se dessine, je suis heureux de pouvoir dire que la vision de Rogers se fa\u00e7onne pour mieux r\u00e9pondre \u00e0 ses challenges soci\u00e9taux et environnementaux : nous nous donnons les moyens de faire notre part face&#8230;<\/p>\n","protected":false},"author":3,"featured_media":14032,"comment_status":"open","ping_status":"closed","sticky":false,"template":"","format":"standard","meta":{"footnotes":""},"categories":[265,214],"tags":[271],"class_list":["post-14096","post","type-post","status-publish","format-standard","has-post-thumbnail","hentry","category-edition-11","category-tous-les-articles","tag-edition-11","wpbf-post"],"_links":{"self":[{"href":"https:\/\/www.presencemagazine.com\/fr\/wp-json\/wp\/v2\/posts\/14096","targetHints":{"allow":["GET"]}}],"collection":[{"href":"https:\/\/www.presencemagazine.com\/fr\/wp-json\/wp\/v2\/posts"}],"about":[{"href":"https:\/\/www.presencemagazine.com\/fr\/wp-json\/wp\/v2\/types\/post"}],"author":[{"embeddable":true,"href":"https:\/\/www.presencemagazine.com\/fr\/wp-json\/wp\/v2\/users\/3"}],"replies":[{"embeddable":true,"href":"https:\/\/www.presencemagazine.com\/fr\/wp-json\/wp\/v2\/comments?post=14096"}],"version-history":[{"count":17,"href":"https:\/\/www.presencemagazine.com\/fr\/wp-json\/wp\/v2\/posts\/14096\/revisions"}],"predecessor-version":[{"id":14505,"href":"https:\/\/www.presencemagazine.com\/fr\/wp-json\/wp\/v2\/posts\/14096\/revisions\/14505"}],"wp:featuredmedia":[{"embeddable":true,"href":"https:\/\/www.presencemagazine.com\/fr\/wp-json\/wp\/v2\/media\/14032"}],"wp:attachment":[{"href":"https:\/\/www.presencemagazine.com\/fr\/wp-json\/wp\/v2\/media?parent=14096"}],"wp:term":[{"taxonomy":"category","embeddable":true,"href":"https:\/\/www.presencemagazine.com\/fr\/wp-json\/wp\/v2\/categories?post=14096"},{"taxonomy":"post_tag","embeddable":true,"href":"https:\/\/www.presencemagazine.com\/fr\/wp-json\/wp\/v2\/tags?post=14096"}],"curies":[{"name":"wp","href":"https:\/\/api.w.org\/{rel}","templated":true}]}}